{"id":6862,"date":"2022-04-13T11:56:36","date_gmt":"2022-04-13T11:56:36","guid":{"rendered":"http:\/\/canserrat.org\/?p=6862"},"modified":"2023-02-21T10:19:09","modified_gmt":"2023-02-21T10:19:09","slug":"carlotta-origoni","status":"publish","type":"post","link":"https:\/\/canserrat.org\/ca\/carlotta-origoni","title":{"rendered":"Carlotta Origoni"},"content":{"rendered":"<img decoding=\"async\" loading=\"lazy\" class=\"size-medium wp-image-6863 aligncenter\" src=\"http:\/\/canserrat.org\/wp-content\/uploads\/2022\/04\/carlotta-origoni-foto-lq-Carlotta-Origoni-273x300.jpg\" alt=\"\" width=\"273\" height=\"300\" srcset=\"https:\/\/canserrat.org\/wp-content\/uploads\/2022\/04\/carlotta-origoni-foto-lq-Carlotta-Origoni-273x300.jpg 273w, https:\/\/canserrat.org\/wp-content\/uploads\/2022\/04\/carlotta-origoni-foto-lq-Carlotta-Origoni-364x400.jpg 364w, https:\/\/canserrat.org\/wp-content\/uploads\/2022\/04\/carlotta-origoni-foto-lq-Carlotta-Origoni.jpg 516w\" sizes=\"(max-width: 273px) 100vw, 273px\" \/><\/p>\n<p>&nbsp;<\/p>\n<p>La Carlotta va estudiar direcci\u00f3 teatral a Mil\u00e0 (It\u00e0lia) i va obtenir el seu t\u00edtol a la Scuola D&#8217;Art Drammatica Paolo Grassi Conservatory en 2007. Procedent d&#8217;una fam\u00edlia de dissenyadors gr\u00e0fics i sempre enamorada de l&#8217;art visual, des del principi va treballar en aquest \u00e0mbit, m&#8217;entre duia a terme els seus projectes teatrals. Quan es va traslladar a Par\u00eds, la Carlotta va decidir estudiar Disseny Gr\u00e0fic i Multim\u00e8dia a l&#8217; \u00c9cole donis Arts D\u00e9coratifs, de 2014 a 2016, on va descobrir la seva passi\u00f3 pel disseny editorial, el gravat i els llibres d&#8217;artista. El 2017 la Carlotta va decidir tancar aquest particular periple formatiu i va obtenir un m\u00e0ster en Belles arts i Disseny Gr\u00e0fic a l&#8217;\u00c9cole Nationale sup\u00e9rieure donis beaux-arts de Li\u00f3.<\/p>\n<p>Avui en dia la Carlotta treballa en disseny gr\u00e0fic, il\u00b7lustraci\u00f3 i gravat a trav\u00e9s d&#8217;una multiplicitat de projectes: Col\u00b7labora amb l&#8217;Studio Origoni Steiner, un estudi familiar de disseny i arquitectura, mentre persegueix el seu inter\u00e8s per la creaci\u00f3 editorial i el gravat a trav\u00e9s de diverses resid\u00e8ncies art\u00edstiques i continua la seva recerca entre l&#8217;art visual i el teatre a trav\u00e9s de la seva associaci\u00f3 francesa Femmes Nomades (<a href=\"http:\/\/www.femmesnomades.fr\" target=\"_blank\" rel=\"noopener noreferrer\">www.femmesnomades.fr<\/a>). \u00a0\u00a0 \u00a0\u00a0 \u00a0\u00a0 \u00a0\u00a0 \u00a0\u00a0 \u00a0\u00a0 \u00a0\u00a0 \u00a0\u00a0 \u00a0\u00a0 \u00a0\u00a0 \u00a0\u00a0 \u00a0\u00a0 \u00a0\u00a0 \u00a0\u00a0 \u00a0\u00a0 \u00a0\u00a0 \u00a0\u00a0 \u00a0\u00a0 \u00a0\u00a0 \u00a0\u00a0 \u00a0\u00a0 \u00a0\u00a0 \u00a0\u00a0 \u00a0\u00a0 \u00a0\u00a0 \u00a0\u00a0 \u00a0\u00a0 \u00a0\u00a0 \u00a0\u00a0 \u00a0\u00a0 \u00a0\u00a0 \u00a0\u00a0 \u00a0\u00a0 \u00a0\u00a0 \u00a0\u00a0 \u00a0\u00a0 \u00a0\u00a0 \u00a0\u00a0 \u00a0\u00a0 \u00a0\u00a0 \u00a0\u00a0 \u00a0\u00a0 \u00a0\u00a0 \u00a0\u00a0 \u00a0\u00a0 \u00a0\u00a0 \u00a0\u00a0 \u00a0\u00a0 \u00a0\u00a0 \u00a0\u00a0 \u00a0\u00a0 \u00a0\u00a0 \u00a0\u00a0 <span data-sheets-value=\"{&quot;1&quot;:2,&quot;2&quot;:&quot;I first studied theatre direction in Milan (Italy) and obtaining\\nmy degree at Scuola D\u2019Arte Drammatica Paolo\\nGrassi Conservatory in 2007. Coming from a graphic\\ndesigner\u2019s family and always being in love with visual\\nart, since the beginning I worked in this\\narea, along with my theatrical projects.Once I move\\nto Paris, I decided to study Graphic Design and Multimedia\\nat the \u00c9cole des Arts D\u00e9coratifs, from 2014 to\\n2016, where I discovered my passion for editorial\\ndesign, printmaking and artist books. In 2017 I decided\\nto close these particular formative journey and\\nI get a master degree in Fine Art and Graphic Design\\nat the \u00c9cole nationale sup\u00e9rieure des beaux-arts de\\nLyon. Today I work in graphic design, illustration and\\nprintmaking through a multiplicity of projects : I collaborate\\nwith the Studio Origoni Steiner, the family design\\nand architecture studio, I pursue my interest in\\neditorial creation and printmaking through various artist\\nresidencies, and continue my research between\\nvisual art and theatre through my french association\\nFemmes Nomades.\\n\\&quot;www.femmesnomades.fr\\nwww.origonisteiner.it\\nlast residency work : www.wsworkshop.org\/collection\/veil-seen-lifted\/\\&quot;&quot;}\" data-sheets-userformat=\"{&quot;2&quot;:12476,&quot;5&quot;:{&quot;1&quot;:[{&quot;1&quot;:2,&quot;2&quot;:0,&quot;5&quot;:{&quot;1&quot;:2,&quot;2&quot;:0}},{&quot;1&quot;:0,&quot;2&quot;:0,&quot;3&quot;:3},{&quot;1&quot;:1,&quot;2&quot;:0,&quot;4&quot;:1}]},&quot;6&quot;:{&quot;1&quot;:[{&quot;1&quot;:2,&quot;2&quot;:0,&quot;5&quot;:{&quot;1&quot;:2,&quot;2&quot;:0}},{&quot;1&quot;:0,&quot;2&quot;:0,&quot;3&quot;:3},{&quot;1&quot;:1,&quot;2&quot;:0,&quot;4&quot;:1}]},&quot;7&quot;:{&quot;1&quot;:[{&quot;1&quot;:2,&quot;2&quot;:0,&quot;5&quot;:{&quot;1&quot;:2,&quot;2&quot;:0}},{&quot;1&quot;:0,&quot;2&quot;:0,&quot;3&quot;:3},{&quot;1&quot;:1,&quot;2&quot;:0,&quot;4&quot;:1}]},&quot;8&quot;:{&quot;1&quot;:[{&quot;1&quot;:2,&quot;2&quot;:0,&quot;5&quot;:{&quot;1&quot;:2,&quot;2&quot;:0}},{&quot;1&quot;:0,&quot;2&quot;:0,&quot;3&quot;:3},{&quot;1&quot;:1,&quot;2&quot;:0,&quot;4&quot;:1}]},&quot;10&quot;:2,&quot;15&quot;:&quot;Times New Roman&quot;,&quot;16&quot;:11}\"><a href=\"http:\/\/www.origonisteiner.it\" target=\"_blank\" rel=\"noopener noreferrer\">www.origonisteiner.it<\/a><\/span><\/p>\n<p><span data-sheets-value=\"{&quot;1&quot;:2,&quot;2&quot;:&quot;I first studied theatre direction in Milan (Italy) and obtaining\\nmy degree at Scuola D\u2019Arte Drammatica Paolo\\nGrassi Conservatory in 2007. Coming from a graphic\\ndesigner\u2019s family and always being in love with visual\\nart, since the beginning I worked in this\\narea, along with my theatrical projects.Once I move\\nto Paris, I decided to study Graphic Design and Multimedia\\nat the \u00c9cole des Arts D\u00e9coratifs, from 2014 to\\n2016, where I discovered my passion for editorial\\ndesign, printmaking and artist books. In 2017 I decided\\nto close these particular formative journey and\\nI get a master degree in Fine Art and Graphic Design\\nat the \u00c9cole nationale sup\u00e9rieure des beaux-arts de\\nLyon. Today I work in graphic design, illustration and\\nprintmaking through a multiplicity of projects : I collaborate\\nwith the Studio Origoni Steiner, the family design\\nand architecture studio, I pursue my interest in\\neditorial creation and printmaking through various artist\\nresidencies, and continue my research between\\nvisual art and theatre through my french association\\nFemmes Nomades.\\n\\&quot;www.femmesnomades.fr\\nwww.origonisteiner.it\\nlast residency work : www.wsworkshop.org\/collection\/veil-seen-lifted\/\\&quot;&quot;}\" data-sheets-userformat=\"{&quot;2&quot;:12476,&quot;5&quot;:{&quot;1&quot;:[{&quot;1&quot;:2,&quot;2&quot;:0,&quot;5&quot;:{&quot;1&quot;:2,&quot;2&quot;:0}},{&quot;1&quot;:0,&quot;2&quot;:0,&quot;3&quot;:3},{&quot;1&quot;:1,&quot;2&quot;:0,&quot;4&quot;:1}]},&quot;6&quot;:{&quot;1&quot;:[{&quot;1&quot;:2,&quot;2&quot;:0,&quot;5&quot;:{&quot;1&quot;:2,&quot;2&quot;:0}},{&quot;1&quot;:0,&quot;2&quot;:0,&quot;3&quot;:3},{&quot;1&quot;:1,&quot;2&quot;:0,&quot;4&quot;:1}]},&quot;7&quot;:{&quot;1&quot;:[{&quot;1&quot;:2,&quot;2&quot;:0,&quot;5&quot;:{&quot;1&quot;:2,&quot;2&quot;:0}},{&quot;1&quot;:0,&quot;2&quot;:0,&quot;3&quot;:3},{&quot;1&quot;:1,&quot;2&quot;:0,&quot;4&quot;:1}]},&quot;8&quot;:{&quot;1&quot;:[{&quot;1&quot;:2,&quot;2&quot;:0,&quot;5&quot;:{&quot;1&quot;:2,&quot;2&quot;:0}},{&quot;1&quot;:0,&quot;2&quot;:0,&quot;3&quot;:3},{&quot;1&quot;:1,&quot;2&quot;:0,&quot;4&quot;:1}]},&quot;10&quot;:2,&quot;15&quot;:&quot;Times New Roman&quot;,&quot;16&quot;:11}\">\u00d9ltim treball en resid\u00e8ncia:<a href=\"http:\/\/www.wsworkshop.org\/collection\/veil-seen-lifted\/\" target=\"_blank\" rel=\"noopener noreferrer\"> www.wsworkshop.org\/collection\/veil-seen-lifted\/<\/a><\/span><\/p>\n<p>Carlotta Origoni fa la seva resid\u00e8ncia Can Serrat durant el mes de Maig de 2022.<\/p>\n<p>&nbsp;<\/p>\n<h4><span style=\"color: #33cccc;\">Sobre el seu proc\u00e9s de treball a la resid\u00e8ncia&gt;&gt;&gt;<\/span><\/h4>\n<iframe src=\"\/\/docs.google.com\/viewer?url=http%3A%2F%2Fcanserrat.org%2Fwp-content%2Fuploads%2F2022%2F04%2FORIGONI_CARLOTTA_CHECKPOINT_2022-Carlotta-Origoni.pdf&hl=es&embedded=true\" class=\"gde-frame\" style=\"width:100%; height:500px; border: none;\" scrolling=\"no\"><\/iframe>\n<p class=\"gde-text\"><a href=\"http:\/\/canserrat.org\/wp-content\/uploads\/2022\/04\/ORIGONI_CARLOTTA_CHECKPOINT_2022-Carlotta-Origoni.pdf\" class=\"gde-link\">Descargar (PDF, 4.59MB)<\/a><\/p>","protected":false},"excerpt":{"rendered":"<p>&nbsp; La Carlotta va estudiar direcci\u00f3 teatral a Mil\u00e0 (It\u00e0lia) i va obtenir el seu t\u00edtol a la Scuola D&#8217;Art Drammatica Paolo Grassi Conservatory en 2007. Procedent d&#8217;una fam\u00edlia de dissenyadors gr\u00e0fics i sempre enamorada de l&#8217;art visual, des del &hellip; <a href=\"https:\/\/canserrat.org\/ca\/carlotta-origoni\">Continued<\/a><\/p>\n","protected":false},"author":4,"featured_media":6863,"comment_status":"closed","ping_status":"closed","sticky":false,"template":"","format":"standard","meta":{"_monsterinsights_skip_tracking":false,"_monsterinsights_sitenote_active":false,"_monsterinsights_sitenote_note":"","_monsterinsights_sitenote_category":0,"footnotes":""},"categories":[22,10,11],"tags":[],"_links":{"self":[{"href":"https:\/\/canserrat.org\/ca\/wp-json\/wp\/v2\/posts\/6862"}],"collection":[{"href":"https:\/\/canserrat.org\/ca\/wp-json\/wp\/v2\/posts"}],"about":[{"href":"https:\/\/canserrat.org\/ca\/wp-json\/wp\/v2\/types\/post"}],"author":[{"embeddable":true,"href":"https:\/\/canserrat.org\/ca\/wp-json\/wp\/v2\/users\/4"}],"replies":[{"embeddable":true,"href":"https:\/\/canserrat.org\/ca\/wp-json\/wp\/v2\/comments?post=6862"}],"version-history":[{"count":4,"href":"https:\/\/canserrat.org\/ca\/wp-json\/wp\/v2\/posts\/6862\/revisions"}],"predecessor-version":[{"id":7471,"href":"https:\/\/canserrat.org\/ca\/wp-json\/wp\/v2\/posts\/6862\/revisions\/7471"}],"wp:featuredmedia":[{"embeddable":true,"href":"https:\/\/canserrat.org\/ca\/wp-json\/wp\/v2\/media\/6863"}],"wp:attachment":[{"href":"https:\/\/canserrat.org\/ca\/wp-json\/wp\/v2\/media?parent=6862"}],"wp:term":[{"taxonomy":"category","embeddable":true,"href":"https:\/\/canserrat.org\/ca\/wp-json\/wp\/v2\/categories?post=6862"},{"taxonomy":"post_tag","embeddable":true,"href":"https:\/\/canserrat.org\/ca\/wp-json\/wp\/v2\/tags?post=6862"}],"curies":[{"name":"wp","href":"https:\/\/api.w.org\/{rel}","templated":true}]}}