{"id":6687,"date":"2022-03-04T13:22:02","date_gmt":"2022-03-04T13:22:02","guid":{"rendered":"http:\/\/canserrat.org\/?p=6687"},"modified":"2022-05-02T12:05:28","modified_gmt":"2022-05-02T12:05:28","slug":"zora-moniz","status":"publish","type":"post","link":"https:\/\/canserrat.org\/ca\/zora-moniz","title":{"rendered":"Zora Moniz"},"content":{"rendered":"<img decoding=\"async\" loading=\"lazy\" class=\"size-medium wp-image-6688 aligncenter\" src=\"http:\/\/canserrat.org\/wp-content\/uploads\/2022\/03\/ZM-zora-moniz-225x300.jpg\" alt=\"\" width=\"225\" height=\"300\" srcset=\"https:\/\/canserrat.org\/wp-content\/uploads\/2022\/03\/ZM-zora-moniz-225x300.jpg 225w, https:\/\/canserrat.org\/wp-content\/uploads\/2022\/03\/ZM-zora-moniz-768x1024.jpg 768w, https:\/\/canserrat.org\/wp-content\/uploads\/2022\/03\/ZM-zora-moniz-600x800.jpg 600w, https:\/\/canserrat.org\/wp-content\/uploads\/2022\/03\/ZM-zora-moniz-300x400.jpg 300w\" sizes=\"(max-width: 225px) 100vw, 225px\" \/><\/p>\n<p>&nbsp;<\/p>\n<p>La seva pr\u00e0ctica art\u00edstica \u00e9s intr\u00ednsecament interdisciplin\u00e0ria tant en l&#8217;ho material com en l&#8217;ho conceptual. A trav\u00e9s d&#8217;instal\u00b7lacions, intervencions espacials, mitjans digitals, pintura, dibuix, escultura, costura i esdeveniments \u00edntims i comissariats, el seu treball es relaciona amb el seu llenguatge visual personal i el seu arxiu d&#8217;imatges, i els reorganitza per a jugar amb les difer\u00e8ncies entre la realitat, la fantasia i la ficci\u00f3. Zora est\u00e0 interessada en la mem\u00f2ria individual i col\u00b7lectiva, en com es combinen i xoquen aquestes coses, incloent el que s&#8217;ha imaginat i inventat. La seva obra es troba en aquest espai fluid, insinuant el realisme per\u00f2 caracteritzat per un proc\u00e9s d&#8217;abstracci\u00f3. La seva cont\u00ednua exploraci\u00f3 i reutilitzaci\u00f3 d&#8217;imatges, distorsionades al llarg del temps i en nous contextos o iteracions, es converteix en un llenguatge visual que pot ser rastrejat a trav\u00e9s de l&#8217;arc de la seva pr\u00e0ctica.<\/p>\n<p>Zora\u00a0Moniz\u00a0(nascuda en 1995 en\u00a0Oakland, Calif\u00f2rnia) \u00e9s una artista interdisciplin\u00e0ria que viu i treballa a Nova York. Va rebre la seva llicenciatura en Arts i Cultures del M\u00f3n amb una especialitzaci\u00f3 en Estudis Alimentaris de l&#8217;Escola d&#8217;Arts i Arquitectura de la\u00a0UCLA\u00a0en 2017. Les exposicions recents inclouen A.D.\u00a0Gallery, Nova York;\u00a0The\u00a0Hole, Nova York;\u00a0WHAAM!, Nova York;\u00a0Sculpture\u00a0Gallery,\u00a0Broad\u00a0Art\u00a0Center, Los Angeles; i\u00a0The\u00a0Loft\u00a0at\u00a0Gallery\u00a01548, Los Angeles.<\/p>\n<p>Zora Moniz esta en resid\u00e8ncia a Can Serrat durant el mes d&#8217;abril de 2022.","protected":false},"excerpt":{"rendered":"<p>&nbsp; La seva pr\u00e0ctica art\u00edstica \u00e9s intr\u00ednsecament interdisciplin\u00e0ria tant en l&#8217;ho material com en l&#8217;ho conceptual. A trav\u00e9s d&#8217;instal\u00b7lacions, intervencions espacials, mitjans digitals, pintura, dibuix, escultura, costura i esdeveniments \u00edntims i comissariats, el seu treball es relaciona amb el seu &hellip; <a href=\"https:\/\/canserrat.org\/ca\/zora-moniz\">Continued<\/a><\/p>\n","protected":false},"author":4,"featured_media":6688,"comment_status":"closed","ping_status":"closed","sticky":false,"template":"","format":"standard","meta":{"_monsterinsights_skip_tracking":false,"_monsterinsights_sitenote_active":false,"_monsterinsights_sitenote_note":"","_monsterinsights_sitenote_category":0,"footnotes":""},"categories":[22,10,11],"tags":[],"_links":{"self":[{"href":"https:\/\/canserrat.org\/ca\/wp-json\/wp\/v2\/posts\/6687"}],"collection":[{"href":"https:\/\/canserrat.org\/ca\/wp-json\/wp\/v2\/posts"}],"about":[{"href":"https:\/\/canserrat.org\/ca\/wp-json\/wp\/v2\/types\/post"}],"author":[{"embeddable":true,"href":"https:\/\/canserrat.org\/ca\/wp-json\/wp\/v2\/users\/4"}],"replies":[{"embeddable":true,"href":"https:\/\/canserrat.org\/ca\/wp-json\/wp\/v2\/comments?post=6687"}],"version-history":[{"count":1,"href":"https:\/\/canserrat.org\/ca\/wp-json\/wp\/v2\/posts\/6687\/revisions"}],"predecessor-version":[{"id":6689,"href":"https:\/\/canserrat.org\/ca\/wp-json\/wp\/v2\/posts\/6687\/revisions\/6689"}],"wp:featuredmedia":[{"embeddable":true,"href":"https:\/\/canserrat.org\/ca\/wp-json\/wp\/v2\/media\/6688"}],"wp:attachment":[{"href":"https:\/\/canserrat.org\/ca\/wp-json\/wp\/v2\/media?parent=6687"}],"wp:term":[{"taxonomy":"category","embeddable":true,"href":"https:\/\/canserrat.org\/ca\/wp-json\/wp\/v2\/categories?post=6687"},{"taxonomy":"post_tag","embeddable":true,"href":"https:\/\/canserrat.org\/ca\/wp-json\/wp\/v2\/tags?post=6687"}],"curies":[{"name":"wp","href":"https:\/\/api.w.org\/{rel}","templated":true}]}}