{"id":6447,"date":"2022-01-11T15:36:24","date_gmt":"2022-01-11T15:36:24","guid":{"rendered":"http:\/\/canserrat.org\/?p=6447"},"modified":"2022-04-06T11:50:07","modified_gmt":"2022-04-06T11:50:07","slug":"lucia-vargas-caparroz","status":"publish","type":"post","link":"https:\/\/canserrat.org\/ca\/lucia-vargas-caparroz","title":{"rendered":"Luc\u00eda Vargas Caparroz"},"content":{"rendered":"<img decoding=\"async\" loading=\"lazy\" class=\"size-medium wp-image-6448 aligncenter\" src=\"http:\/\/canserrat.org\/wp-content\/uploads\/2022\/01\/20201125_080316-Lucia-Vargas-225x300.jpg\" alt=\"\" width=\"225\" height=\"300\" srcset=\"https:\/\/canserrat.org\/wp-content\/uploads\/2022\/01\/20201125_080316-Lucia-Vargas-225x300.jpg 225w, https:\/\/canserrat.org\/wp-content\/uploads\/2022\/01\/20201125_080316-Lucia-Vargas-767x1024.jpg 767w, https:\/\/canserrat.org\/wp-content\/uploads\/2022\/01\/20201125_080316-Lucia-Vargas-600x800.jpg 600w, https:\/\/canserrat.org\/wp-content\/uploads\/2022\/01\/20201125_080316-Lucia-Vargas-300x400.jpg 300w, https:\/\/canserrat.org\/wp-content\/uploads\/2022\/01\/20201125_080316-Lucia-Vargas.jpg 1156w\" sizes=\"(max-width: 225px) 100vw, 225px\" \/><\/p>\n<p>&nbsp;<\/p>\n<p>Luc\u00eda Vargas\u00a0Caparroz\u00a0va n\u00e9ixer l&#8217;1 de desembre de 1987 a Buenos Aires, per\u00f2 va cr\u00e9ixer en\u00a0Caleta\u00a0Olivia, un poble de la Patag\u00f2nia. \u00c9s Llicenciada en Lletres, ha publicat dos llibres: Tot el temps nou (Tyrannus\u00a0Melancholicus\u00a0Taller, 2016) i Per ser del Sud (Pensaments Imperfectes Editorial, 2019). Actualment viu a Bogot\u00e0, treballa en La Dilig\u00e8ncia Llibres i col\u00b7labora en mitjans com a Revista\u00a0Bac\u00e1nika\u00a0i Revista El\u00a0Malpensante.<\/p>\n<p>Lucia fa la seva resid\u00e8ncia en Ca Serrat durant els mesos de febrer &#8211; mar\u00e7 de 2022","protected":false},"excerpt":{"rendered":"<p>&nbsp; Luc\u00eda Vargas\u00a0Caparroz\u00a0va n\u00e9ixer l&#8217;1 de desembre de 1987 a Buenos Aires, per\u00f2 va cr\u00e9ixer en\u00a0Caleta\u00a0Olivia, un poble de la Patag\u00f2nia. \u00c9s Llicenciada en Lletres, ha publicat dos llibres: Tot el temps nou (Tyrannus\u00a0Melancholicus\u00a0Taller, 2016) i Per ser del Sud &hellip; <a href=\"https:\/\/canserrat.org\/ca\/lucia-vargas-caparroz\">Continued<\/a><\/p>\n","protected":false},"author":4,"featured_media":6448,"comment_status":"closed","ping_status":"closed","sticky":false,"template":"","format":"standard","meta":{"_monsterinsights_skip_tracking":false,"_monsterinsights_sitenote_active":false,"_monsterinsights_sitenote_note":"","_monsterinsights_sitenote_category":0,"footnotes":""},"categories":[1,22,10,30,11],"tags":[],"_links":{"self":[{"href":"https:\/\/canserrat.org\/ca\/wp-json\/wp\/v2\/posts\/6447"}],"collection":[{"href":"https:\/\/canserrat.org\/ca\/wp-json\/wp\/v2\/posts"}],"about":[{"href":"https:\/\/canserrat.org\/ca\/wp-json\/wp\/v2\/types\/post"}],"author":[{"embeddable":true,"href":"https:\/\/canserrat.org\/ca\/wp-json\/wp\/v2\/users\/4"}],"replies":[{"embeddable":true,"href":"https:\/\/canserrat.org\/ca\/wp-json\/wp\/v2\/comments?post=6447"}],"version-history":[{"count":2,"href":"https:\/\/canserrat.org\/ca\/wp-json\/wp\/v2\/posts\/6447\/revisions"}],"predecessor-version":[{"id":6450,"href":"https:\/\/canserrat.org\/ca\/wp-json\/wp\/v2\/posts\/6447\/revisions\/6450"}],"wp:featuredmedia":[{"embeddable":true,"href":"https:\/\/canserrat.org\/ca\/wp-json\/wp\/v2\/media\/6448"}],"wp:attachment":[{"href":"https:\/\/canserrat.org\/ca\/wp-json\/wp\/v2\/media?parent=6447"}],"wp:term":[{"taxonomy":"category","embeddable":true,"href":"https:\/\/canserrat.org\/ca\/wp-json\/wp\/v2\/categories?post=6447"},{"taxonomy":"post_tag","embeddable":true,"href":"https:\/\/canserrat.org\/ca\/wp-json\/wp\/v2\/tags?post=6447"}],"curies":[{"name":"wp","href":"https:\/\/api.w.org\/{rel}","templated":true}]}}