{"id":6365,"date":"2021-11-25T15:51:19","date_gmt":"2021-11-25T15:51:19","guid":{"rendered":"http:\/\/canserrat.org\/?p=6365"},"modified":"2023-02-17T13:56:28","modified_gmt":"2023-02-17T13:56:28","slug":"celia-g-nogales","status":"publish","type":"post","link":"https:\/\/canserrat.org\/ca\/celia-g-nogales","title":{"rendered":"Celia G Nogales"},"content":{"rendered":"<img decoding=\"async\" loading=\"lazy\" class=\"size-medium wp-image-6366 aligncenter\" src=\"http:\/\/canserrat.org\/wp-content\/uploads\/2021\/11\/Foto-el-21-5-21-a-las-12.57-Celia-Garcia-Nogales-300x228.jpg\" alt=\"\" width=\"300\" height=\"228\" srcset=\"https:\/\/canserrat.org\/wp-content\/uploads\/2021\/11\/Foto-el-21-5-21-a-las-12.57-Celia-Garcia-Nogales-300x228.jpg 300w, https:\/\/canserrat.org\/wp-content\/uploads\/2021\/11\/Foto-el-21-5-21-a-las-12.57-Celia-Garcia-Nogales-527x400.jpg 527w, https:\/\/canserrat.org\/wp-content\/uploads\/2021\/11\/Foto-el-21-5-21-a-las-12.57-Celia-Garcia-Nogales.jpg 846w\" sizes=\"(max-width: 300px) 100vw, 300px\" \/><\/p>\n<p>&nbsp;<\/p>\n<p>Celia (1995, Madrid) \u00e9s una artista visual, la pr\u00e0ctica de la qual investiga relacions, formes i narratives que generalment no ocupen el primer pla. Celia busca, a trav\u00e9s del joc, nous ritmes d&#8217;observaci\u00f3, an\u00e0lisi i expressi\u00f3.<\/p>\n<p>Paral\u00b7lelament est\u00e0 interessada en l&#8217;estudi de les arts com a mitja facilitador dels processos d&#8217;ensenyament\/aprenentatge, que poden donar-se tant dins com fora de les institucions educatives. Malgrat aix\u00f2, l&#8217;artista considera de vital import\u00e0ncia la integraci\u00f3 de processos art\u00edstics dins del per\u00edode de l&#8217;educaci\u00f3 obligat\u00f2ria.<\/p>\n<p>Quines narratives, processos i metodologies formen part del comprom\u00eds p\u00fablic educatiu d&#8217;obligat compliment? Qu\u00e8 considerem, com a societat, essencial per a la vida en comunitat? Quines eines d&#8217;an\u00e0lisis i assimilaci\u00f3 de l&#8217;entorn, que pot oferir l&#8217;educaci\u00f3 art\u00edstica, haurien d&#8217;estar en mans de tot_s l_s ciudadan_s?<\/p>\n<p>Celia va realitzar la seva resid\u00e8ncia a Can Serrat durant octubre de 2021<\/p>\n<p>Durant 2022 \u2013 2023 Celia est\u00e0 en Ca Serrat com a part del programa\u00a0Retorns.","protected":false},"excerpt":{"rendered":"<p>&nbsp; Celia (1995, Madrid) \u00e9s una artista visual, la pr\u00e0ctica de la qual investiga relacions, formes i narratives que generalment no ocupen el primer pla. Celia busca, a trav\u00e9s del joc, nous ritmes d&#8217;observaci\u00f3, an\u00e0lisi i expressi\u00f3. Paral\u00b7lelament est\u00e0 interessada &hellip; <a href=\"https:\/\/canserrat.org\/ca\/celia-g-nogales\">Continued<\/a><\/p>\n","protected":false},"author":4,"featured_media":6366,"comment_status":"closed","ping_status":"closed","sticky":false,"template":"","format":"standard","meta":{"_monsterinsights_skip_tracking":false,"_monsterinsights_sitenote_active":false,"_monsterinsights_sitenote_note":"","_monsterinsights_sitenote_category":0,"footnotes":""},"categories":[1,22,10,11,88],"tags":[],"_links":{"self":[{"href":"https:\/\/canserrat.org\/ca\/wp-json\/wp\/v2\/posts\/6365"}],"collection":[{"href":"https:\/\/canserrat.org\/ca\/wp-json\/wp\/v2\/posts"}],"about":[{"href":"https:\/\/canserrat.org\/ca\/wp-json\/wp\/v2\/types\/post"}],"author":[{"embeddable":true,"href":"https:\/\/canserrat.org\/ca\/wp-json\/wp\/v2\/users\/4"}],"replies":[{"embeddable":true,"href":"https:\/\/canserrat.org\/ca\/wp-json\/wp\/v2\/comments?post=6365"}],"version-history":[{"count":7,"href":"https:\/\/canserrat.org\/ca\/wp-json\/wp\/v2\/posts\/6365\/revisions"}],"predecessor-version":[{"id":7377,"href":"https:\/\/canserrat.org\/ca\/wp-json\/wp\/v2\/posts\/6365\/revisions\/7377"}],"wp:featuredmedia":[{"embeddable":true,"href":"https:\/\/canserrat.org\/ca\/wp-json\/wp\/v2\/media\/6366"}],"wp:attachment":[{"href":"https:\/\/canserrat.org\/ca\/wp-json\/wp\/v2\/media?parent=6365"}],"wp:term":[{"taxonomy":"category","embeddable":true,"href":"https:\/\/canserrat.org\/ca\/wp-json\/wp\/v2\/categories?post=6365"},{"taxonomy":"post_tag","embeddable":true,"href":"https:\/\/canserrat.org\/ca\/wp-json\/wp\/v2\/tags?post=6365"}],"curies":[{"name":"wp","href":"https:\/\/api.w.org\/{rel}","templated":true}]}}