{"id":5968,"date":"2021-08-09T14:44:29","date_gmt":"2021-08-09T14:44:29","guid":{"rendered":"http:\/\/canserrat.org\/?p=5968"},"modified":"2021-11-26T13:06:43","modified_gmt":"2021-11-26T13:06:43","slug":"lena-wurz","status":"publish","type":"post","link":"https:\/\/canserrat.org\/ca\/lena-wurz","title":{"rendered":"Lena Wurz"},"content":{"rendered":"<span data-sheets-value=\"{&quot;1&quot;:2,&quot;2&quot;:&quot;My practice focuses on the perception of architectural and emotional spaces. I draw inspiration from the act of collecting and movements of the body. I work using collage, drawing, writing and printmaking to create installations. Deconstructing and arranging words and lines, imagery and objects on paper and in spaces, I encourage audience interaction. The goal of my work is to give a hint to my audience to understand their physical and mental position within their surroundings. I am considering how places are their own archives, looking at private, public and natural environments. Recently I have started new collaborations and continued ongoing ones. I either create pieces together with other artists and curators or set up environments, such as Temporary Home or Edition Residencies with them. I also take small roles in other people\u2018s projects that show me how a practice depends on other people\u2018s practices, how they overlap and inform each other. Friendship and support groups within art practices have become a regular conversation topic.&quot;}\" data-sheets-userformat=\"{&quot;2&quot;:513,&quot;3&quot;:{&quot;1&quot;:0},&quot;12&quot;:0}\"><img decoding=\"async\" loading=\"lazy\" class=\"size-medium wp-image-5969 aligncenter\" src=\"http:\/\/canserrat.org\/wp-content\/uploads\/2021\/08\/Foto-12.10.18-20-04-09-1_cropped-Lena-Wurz-225x300.jpg\" alt=\"\" width=\"225\" height=\"300\" srcset=\"https:\/\/canserrat.org\/wp-content\/uploads\/2021\/08\/Foto-12.10.18-20-04-09-1_cropped-Lena-Wurz-225x300.jpg 225w, https:\/\/canserrat.org\/wp-content\/uploads\/2021\/08\/Foto-12.10.18-20-04-09-1_cropped-Lena-Wurz-600x800.jpg 600w, https:\/\/canserrat.org\/wp-content\/uploads\/2021\/08\/Foto-12.10.18-20-04-09-1_cropped-Lena-Wurz-300x400.jpg 300w, https:\/\/canserrat.org\/wp-content\/uploads\/2021\/08\/Foto-12.10.18-20-04-09-1_cropped-Lena-Wurz.jpg 684w\" sizes=\"(max-width: 225px) 100vw, 225px\" \/><\/span><\/p>\n<p>&nbsp;<\/p>\n<p>La meva pr\u00e0ctica es centra en la percepci\u00f3 d&#8217;espais arquitect\u00f2nics i emocionals. M&#8217;inspiro en l&#8217;acte de col\u00b7leccionar els moviments del cos. Treballo fent servir collages, dibuixos, escriptura i gravat per crear instal\u00b7lacions. En deconstruir i ordenar paraules, l\u00ednies, imatges i objectes en paper,\u00a0 en espais, fomento l&#8217;interacci\u00f3 de l&#8217;audi\u00e8ncia. L&#8217;objectiu de la meva obra \u00e9s donar una pista a la meva audi\u00e8ncia perqu\u00e8 comprengui la seva posici\u00f3 f\u00edsica i mental dins del seu entorn. Estic considerant com els llocs s\u00f3n els seus propis arxius, considerant entorns privats, p\u00fablics i naturals. Recentment he iniciat noves col\u00b7laboracions i continuat amb altres en curs. Creo peces juntament amb altres artistes i curadors o configuro ambients, com Temporary Home o Edition Residenci. Tamb\u00e9 prenc petits rols en projectes d&#8217;altres persones que em mostren com una pr\u00e0ctica dep\u00e8n de les pr\u00e0ctiques d&#8217;altres persones, com es superposen i s&#8217;informen entre si. Els grups d&#8217;amistat i suport dins de les pr\u00e0ctiques art\u00edstiques s&#8217;han convertit en un tema de conversa habitual.<\/p>\n<p>La Lena va fer la seva residencia a Can Serrat el Juliol-Agost de 2021<\/p>\n<p>&nbsp;<\/p>\n<h4><span style=\"color: #33cccc;\">Sobre el seu proc\u00e9s de treball a la resid\u00e8ncia &gt;&gt;&gt;<\/span><\/h4>\n<iframe src=\"\/\/docs.google.com\/viewer?url=http%3A%2F%2Fcanserrat.org%2Fwp-content%2Fuploads%2F2021%2F08%2FWURZ_LENA_CHECKPOINT_2021-Lena-Wurz.pdf&hl=es&embedded=true\" class=\"gde-frame\" style=\"width:100%; height:500px; border: none;\" scrolling=\"no\"><\/iframe>\n<p class=\"gde-text\"><a href=\"http:\/\/canserrat.org\/wp-content\/uploads\/2021\/08\/WURZ_LENA_CHECKPOINT_2021-Lena-Wurz.pdf\" class=\"gde-link\">Descargar (PDF, 171KB)<\/a><\/p>","protected":false},"excerpt":{"rendered":"<p>&nbsp; La meva pr\u00e0ctica es centra en la percepci\u00f3 d&#8217;espais arquitect\u00f2nics i emocionals. M&#8217;inspiro en l&#8217;acte de col\u00b7leccionar els moviments del cos. Treballo fent servir collages, dibuixos, escriptura i gravat per crear instal\u00b7lacions. En deconstruir i ordenar paraules, l\u00ednies, imatges &hellip; <a href=\"https:\/\/canserrat.org\/ca\/lena-wurz\">Continued<\/a><\/p>\n","protected":false},"author":4,"featured_media":5969,"comment_status":"closed","ping_status":"closed","sticky":false,"template":"","format":"standard","meta":{"_monsterinsights_skip_tracking":false,"_monsterinsights_sitenote_active":false,"_monsterinsights_sitenote_note":"","_monsterinsights_sitenote_category":0,"footnotes":""},"categories":[1,10,11],"tags":[],"_links":{"self":[{"href":"https:\/\/canserrat.org\/ca\/wp-json\/wp\/v2\/posts\/5968"}],"collection":[{"href":"https:\/\/canserrat.org\/ca\/wp-json\/wp\/v2\/posts"}],"about":[{"href":"https:\/\/canserrat.org\/ca\/wp-json\/wp\/v2\/types\/post"}],"author":[{"embeddable":true,"href":"https:\/\/canserrat.org\/ca\/wp-json\/wp\/v2\/users\/4"}],"replies":[{"embeddable":true,"href":"https:\/\/canserrat.org\/ca\/wp-json\/wp\/v2\/comments?post=5968"}],"version-history":[{"count":3,"href":"https:\/\/canserrat.org\/ca\/wp-json\/wp\/v2\/posts\/5968\/revisions"}],"predecessor-version":[{"id":6389,"href":"https:\/\/canserrat.org\/ca\/wp-json\/wp\/v2\/posts\/5968\/revisions\/6389"}],"wp:featuredmedia":[{"embeddable":true,"href":"https:\/\/canserrat.org\/ca\/wp-json\/wp\/v2\/media\/5969"}],"wp:attachment":[{"href":"https:\/\/canserrat.org\/ca\/wp-json\/wp\/v2\/media?parent=5968"}],"wp:term":[{"taxonomy":"category","embeddable":true,"href":"https:\/\/canserrat.org\/ca\/wp-json\/wp\/v2\/categories?post=5968"},{"taxonomy":"post_tag","embeddable":true,"href":"https:\/\/canserrat.org\/ca\/wp-json\/wp\/v2\/tags?post=5968"}],"curies":[{"name":"wp","href":"https:\/\/api.w.org\/{rel}","templated":true}]}}