{"id":5963,"date":"2021-08-09T12:09:12","date_gmt":"2021-08-09T12:09:12","guid":{"rendered":"http:\/\/canserrat.org\/?p=5963"},"modified":"2022-02-23T16:03:24","modified_gmt":"2022-02-23T16:03:24","slug":"charlotte-nordgren-sewell","status":"publish","type":"post","link":"https:\/\/canserrat.org\/ca\/charlotte-nordgren-sewell","title":{"rendered":"Charlotte Nordgren Sewell"},"content":{"rendered":"<img decoding=\"async\" loading=\"lazy\" class=\"size-medium wp-image-5966 aligncenter\" src=\"http:\/\/canserrat.org\/wp-content\/uploads\/2021\/08\/IMG_20210107_122403_2-Charlotte-Nordgren-241x300.jpg\" alt=\"\" width=\"241\" height=\"300\" srcset=\"https:\/\/canserrat.org\/wp-content\/uploads\/2021\/08\/IMG_20210107_122403_2-Charlotte-Nordgren-241x300.jpg 241w, https:\/\/canserrat.org\/wp-content\/uploads\/2021\/08\/IMG_20210107_122403_2-Charlotte-Nordgren-821x1024.jpg 821w, https:\/\/canserrat.org\/wp-content\/uploads\/2021\/08\/IMG_20210107_122403_2-Charlotte-Nordgren-642x800.jpg 642w, https:\/\/canserrat.org\/wp-content\/uploads\/2021\/08\/IMG_20210107_122403_2-Charlotte-Nordgren-321x400.jpg 321w\" sizes=\"(max-width: 241px) 100vw, 241px\" \/><\/p>\n<p>&nbsp;<\/p>\n<p>Charlotte\u00a0Nordgren\u00a0Sewell\u00a0\u00e9s una artista brit\u00e0nica-sueca que viu i treballa a Barcelona. Es va graduar en el\u00a0Goldsmiths\u00a0College\u00a0amb un m\u00e0ster en Art i Pol\u00edtica. Ha participat en programes d&#8217;estudi sobre pol\u00edtica llatinoamericana en El Col\u00b7legi de M\u00e8xic i sobre arts d&#8217;estudi en Met\u00e0fora\u00a0Studio\u00a0Arts\u00a0a Barcelona. La seva recerca actual est\u00e0 dedicada a explorar les mitologies i hist\u00f2ries culturals que envolten la imatge de l&#8217;osset de peluix. Mitjan\u00e7ant l&#8217;\u00fas de teles, l&#8217;escriptura, el v\u00eddeo i l&#8217;escultura tova, la seva pr\u00e0ctica uneix la recerca d&#8217;arxius, les hist\u00f2ries colonials, els contes de fades i les narratives personals. Tamb\u00e9 \u00e9s membre cofundador del col\u00b7lectiu d&#8217;art i pol\u00edtica Hereves de\u00a0Lilith, el treball de les quals inclou l&#8217;organitzaci\u00f3 d&#8217;exposicions socialment compromeses, esdeveniments i projectes d&#8217;educaci\u00f3 art\u00edstica.<\/p>\n<p>Despr\u00e9s de finalitzar els seus estudis en 2019, va ser seleccionada com a artista resident en el programa JAI de Tabakalera (Sant Sebasti\u00e0) en 2020, i en 2021 ha estat artista resident en Tangent Projects (Barcelona) i Can Serrat (El Bruc).<\/p>\n<p>&nbsp;<\/p>\n<p>La Charlotte ha fet la seva resid\u00e8ncia a Can Serrat durant els mesos de Juny, Juliol i Agost de 2021<\/p>\n<p>&nbsp;<\/p>\n<h4><span style=\"color: #33cccc;\">Sobre el seu proc\u00e9s de treball a la resid\u00e8ncia &gt;&gt;&gt;<\/span><\/h4>\n\n<p class=\"gde-text\"><a href=\"http:\/\/canserrat.org\/wp-content\/uploads\/2021\/08\/NORDGRENSEWELL_CHARLOTTE_CHECKPOINT_2021.pdf\" class=\"gde-link\">Descargar (PDF, 17.69MB)<\/a><\/p>","protected":false},"excerpt":{"rendered":"<p>&nbsp; Charlotte\u00a0Nordgren\u00a0Sewell\u00a0\u00e9s una artista brit\u00e0nica-sueca que viu i treballa a Barcelona. Es va graduar en el\u00a0Goldsmiths\u00a0College\u00a0amb un m\u00e0ster en Art i Pol\u00edtica. Ha participat en programes d&#8217;estudi sobre pol\u00edtica llatinoamericana en El Col\u00b7legi de M\u00e8xic i sobre arts d&#8217;estudi en &hellip; <a href=\"https:\/\/canserrat.org\/ca\/charlotte-nordgren-sewell\">Continued<\/a><\/p>\n","protected":false},"author":4,"featured_media":5966,"comment_status":"closed","ping_status":"closed","sticky":false,"template":"","format":"standard","meta":{"_monsterinsights_skip_tracking":false,"_monsterinsights_sitenote_active":false,"_monsterinsights_sitenote_note":"","_monsterinsights_sitenote_category":0,"footnotes":""},"categories":[1,10,30,11],"tags":[],"_links":{"self":[{"href":"https:\/\/canserrat.org\/ca\/wp-json\/wp\/v2\/posts\/5963"}],"collection":[{"href":"https:\/\/canserrat.org\/ca\/wp-json\/wp\/v2\/posts"}],"about":[{"href":"https:\/\/canserrat.org\/ca\/wp-json\/wp\/v2\/types\/post"}],"author":[{"embeddable":true,"href":"https:\/\/canserrat.org\/ca\/wp-json\/wp\/v2\/users\/4"}],"replies":[{"embeddable":true,"href":"https:\/\/canserrat.org\/ca\/wp-json\/wp\/v2\/comments?post=5963"}],"version-history":[{"count":6,"href":"https:\/\/canserrat.org\/ca\/wp-json\/wp\/v2\/posts\/5963\/revisions"}],"predecessor-version":[{"id":6620,"href":"https:\/\/canserrat.org\/ca\/wp-json\/wp\/v2\/posts\/5963\/revisions\/6620"}],"wp:featuredmedia":[{"embeddable":true,"href":"https:\/\/canserrat.org\/ca\/wp-json\/wp\/v2\/media\/5966"}],"wp:attachment":[{"href":"https:\/\/canserrat.org\/ca\/wp-json\/wp\/v2\/media?parent=5963"}],"wp:term":[{"taxonomy":"category","embeddable":true,"href":"https:\/\/canserrat.org\/ca\/wp-json\/wp\/v2\/categories?post=5963"},{"taxonomy":"post_tag","embeddable":true,"href":"https:\/\/canserrat.org\/ca\/wp-json\/wp\/v2\/tags?post=5963"}],"curies":[{"name":"wp","href":"https:\/\/api.w.org\/{rel}","templated":true}]}}