{"id":5850,"date":"2021-04-08T16:10:53","date_gmt":"2021-04-08T16:10:53","guid":{"rendered":"http:\/\/canserrat.org\/?p=5850"},"modified":"2022-01-06T22:26:34","modified_gmt":"2022-01-06T22:26:34","slug":"bess-frimodig","status":"publish","type":"post","link":"https:\/\/canserrat.org\/ca\/bess-frimodig","title":{"rendered":"Bess Frimodig"},"content":{"rendered":"<img decoding=\"async\" loading=\"lazy\" class=\" wp-image-5851 aligncenter\" src=\"http:\/\/canserrat.org\/wp-content\/uploads\/2021\/04\/BessFrimodigPassportPhoto-copy-300x300.jpg\" alt=\"\" width=\"243\" height=\"243\" srcset=\"https:\/\/canserrat.org\/wp-content\/uploads\/2021\/04\/BessFrimodigPassportPhoto-copy-300x300.jpg 300w, https:\/\/canserrat.org\/wp-content\/uploads\/2021\/04\/BessFrimodigPassportPhoto-copy-150x150.jpg 150w, https:\/\/canserrat.org\/wp-content\/uploads\/2021\/04\/BessFrimodigPassportPhoto-copy-730x730.jpg 730w, https:\/\/canserrat.org\/wp-content\/uploads\/2021\/04\/BessFrimodigPassportPhoto-copy-365x365.jpg 365w, https:\/\/canserrat.org\/wp-content\/uploads\/2021\/04\/BessFrimodigPassportPhoto-copy-800x800.jpg 800w, https:\/\/canserrat.org\/wp-content\/uploads\/2021\/04\/BessFrimodigPassportPhoto-copy-400x400.jpg 400w, https:\/\/canserrat.org\/wp-content\/uploads\/2021\/04\/BessFrimodigPassportPhoto-copy.jpg 995w\" sizes=\"(max-width: 243px) 100vw, 243px\" \/><\/p>\n<p>&nbsp;<\/p>\n<p>Printmaker, curadora, escriptora i constructora de jardins d&#8217;idees (i d&#8217;herbes) enverdin la ciutat i la\u00a0 cuina per desconeguts. Empenyent les vores del gravat, obtenint la impressi\u00f3 de la paret i del funcionament de la societat. Reclamant una vida creativa informada per un context cultural i pol\u00edtic que d\u00f3na forma a hist\u00f2ries de p\u00e8rdua i resili\u00e8ncia, una creient de la bellesa de la democr\u00e0cia i del seu poder de transformaci\u00f3.<br \/>\nCada projecte, cada pensament \u00e9s interdisciplinari, interdependent i intergeneracional.","protected":false},"excerpt":{"rendered":"<p>&nbsp; Printmaker, curadora, escriptora i constructora de jardins d&#8217;idees (i d&#8217;herbes) enverdin la ciutat i la\u00a0 cuina per desconeguts. Empenyent les vores del gravat, obtenint la impressi\u00f3 de la paret i del funcionament de la societat. Reclamant una vida creativa &hellip; <a href=\"https:\/\/canserrat.org\/ca\/bess-frimodig\">Continued<\/a><\/p>\n","protected":false},"author":4,"featured_media":5851,"comment_status":"closed","ping_status":"closed","sticky":false,"template":"","format":"standard","meta":{"_monsterinsights_skip_tracking":false,"_monsterinsights_sitenote_active":false,"_monsterinsights_sitenote_note":"","_monsterinsights_sitenote_category":0,"footnotes":""},"categories":[10,30,11],"tags":[],"_links":{"self":[{"href":"https:\/\/canserrat.org\/ca\/wp-json\/wp\/v2\/posts\/5850"}],"collection":[{"href":"https:\/\/canserrat.org\/ca\/wp-json\/wp\/v2\/posts"}],"about":[{"href":"https:\/\/canserrat.org\/ca\/wp-json\/wp\/v2\/types\/post"}],"author":[{"embeddable":true,"href":"https:\/\/canserrat.org\/ca\/wp-json\/wp\/v2\/users\/4"}],"replies":[{"embeddable":true,"href":"https:\/\/canserrat.org\/ca\/wp-json\/wp\/v2\/comments?post=5850"}],"version-history":[{"count":1,"href":"https:\/\/canserrat.org\/ca\/wp-json\/wp\/v2\/posts\/5850\/revisions"}],"predecessor-version":[{"id":5852,"href":"https:\/\/canserrat.org\/ca\/wp-json\/wp\/v2\/posts\/5850\/revisions\/5852"}],"wp:featuredmedia":[{"embeddable":true,"href":"https:\/\/canserrat.org\/ca\/wp-json\/wp\/v2\/media\/5851"}],"wp:attachment":[{"href":"https:\/\/canserrat.org\/ca\/wp-json\/wp\/v2\/media?parent=5850"}],"wp:term":[{"taxonomy":"category","embeddable":true,"href":"https:\/\/canserrat.org\/ca\/wp-json\/wp\/v2\/categories?post=5850"},{"taxonomy":"post_tag","embeddable":true,"href":"https:\/\/canserrat.org\/ca\/wp-json\/wp\/v2\/tags?post=5850"}],"curies":[{"name":"wp","href":"https:\/\/api.w.org\/{rel}","templated":true}]}}