{"id":574,"date":"2016-05-29T16:27:57","date_gmt":"2016-05-29T16:27:57","guid":{"rendered":"http:\/\/canserrat.org\/?p=574"},"modified":"2019-08-26T15:37:34","modified_gmt":"2019-08-26T15:37:34","slug":"andrea-magnani","status":"publish","type":"post","link":"https:\/\/canserrat.org\/ca\/andrea-magnani","title":{"rendered":"Andrea Magnani"},"content":{"rendered":"<img decoding=\"async\" loading=\"lazy\" class=\"size-medium wp-image-575 aligncenter\" src=\"http:\/\/canserrat.org\/wp-content\/uploads\/2016\/05\/Siliqoon_magnani1-300x200.jpg\" alt=\"\" width=\"300\" height=\"200\" srcset=\"https:\/\/canserrat.org\/wp-content\/uploads\/2016\/05\/Siliqoon_magnani1-300x200.jpg 300w, https:\/\/canserrat.org\/wp-content\/uploads\/2016\/05\/Siliqoon_magnani1-1024x684.jpg 1024w, https:\/\/canserrat.org\/wp-content\/uploads\/2016\/05\/Siliqoon_magnani1-599x400.jpg 599w, https:\/\/canserrat.org\/wp-content\/uploads\/2016\/05\/Siliqoon_magnani1.jpg 1180w\" sizes=\"(max-width: 300px) 100vw, 300px\" \/><\/p>\n<p>&nbsp;<\/p>\n<p>(B. 1983, TI)<\/p>\n<p>Artista visual i dissenyador que treballa amb instal\u00b7laci\u00f3, v\u00eddeo o m\u00fasica segons les diferents l\u00ednies de la seva recerca. La seva obra desemmascara el proc\u00e9s de donar sentit, l&#8217;enfocament i la superposici\u00f3 de la tensi\u00f3 entre organitzar i generar for\u00e7es. Cada obra neix i evoluciona com un <em>start-up<\/em> en qu\u00e8 el disseny del producte \u00e9s alterat amb una nova forma de bruixeria basada en els rituals contemporanis, mites i s\u00edmbols. Andrea ha exhibit en espais p\u00fablics i privats, inclosos: T293 (Roma), Mambo &#8211; Museu d&#8217;Art Modern (Bolonya), Italienska Kulturinstitutet (Estocolm), Archivio di Stato (Tor\u00ed), Stanford Habitatge (Londres), Bevilacqua La Massa (Ven\u00e8cia ), Mars\u00e8lleria, Viafarini, crepaccio, Mart (Mil\u00e0), Pad. Regionale 54 \u00b0 Biennal de Ven\u00e8cia (Reggio Emilia), Palazzo Esposizioni (Faenza), Spazio Swing (Benevento). En 2014, va fundar Siliqoon, un &#8220;label&#8221; h\u00edbrid de producci\u00f3 i promoci\u00f3 art\u00edstica. Viu i treballa a Mil\u00e0.<\/p>\n<p><a href=\"http:\/\/www.magnaniandrea.com\" target=\"_blank\" rel=\"noopener noreferrer\">www.magnaniandrea.com<\/a><\/p>\n<p><a href=\"http:\/\/www.siliqoon.com\/\"><span class=\"s1\">www.siliqoon.com<\/span><\/a><\/p>\n<p>&nbsp;","protected":false},"excerpt":{"rendered":"<p>&nbsp; (B. 1983, TI) Artista visual i dissenyador que treballa amb instal\u00b7laci\u00f3, v\u00eddeo o m\u00fasica segons les diferents l\u00ednies de la seva recerca. La seva obra desemmascara el proc\u00e9s de donar sentit, l&#8217;enfocament i la superposici\u00f3 de la tensi\u00f3 entre &hellip; <a href=\"https:\/\/canserrat.org\/ca\/andrea-magnani\">Continued<\/a><\/p>\n","protected":false},"author":3,"featured_media":575,"comment_status":"open","ping_status":"open","sticky":false,"template":"","format":"standard","meta":{"_monsterinsights_skip_tracking":false,"_monsterinsights_sitenote_active":false,"_monsterinsights_sitenote_note":"","_monsterinsights_sitenote_category":0,"footnotes":""},"categories":[10,30,11],"tags":[],"_links":{"self":[{"href":"https:\/\/canserrat.org\/ca\/wp-json\/wp\/v2\/posts\/574"}],"collection":[{"href":"https:\/\/canserrat.org\/ca\/wp-json\/wp\/v2\/posts"}],"about":[{"href":"https:\/\/canserrat.org\/ca\/wp-json\/wp\/v2\/types\/post"}],"author":[{"embeddable":true,"href":"https:\/\/canserrat.org\/ca\/wp-json\/wp\/v2\/users\/3"}],"replies":[{"embeddable":true,"href":"https:\/\/canserrat.org\/ca\/wp-json\/wp\/v2\/comments?post=574"}],"version-history":[{"count":6,"href":"https:\/\/canserrat.org\/ca\/wp-json\/wp\/v2\/posts\/574\/revisions"}],"predecessor-version":[{"id":3992,"href":"https:\/\/canserrat.org\/ca\/wp-json\/wp\/v2\/posts\/574\/revisions\/3992"}],"wp:featuredmedia":[{"embeddable":true,"href":"https:\/\/canserrat.org\/ca\/wp-json\/wp\/v2\/media\/575"}],"wp:attachment":[{"href":"https:\/\/canserrat.org\/ca\/wp-json\/wp\/v2\/media?parent=574"}],"wp:term":[{"taxonomy":"category","embeddable":true,"href":"https:\/\/canserrat.org\/ca\/wp-json\/wp\/v2\/categories?post=574"},{"taxonomy":"post_tag","embeddable":true,"href":"https:\/\/canserrat.org\/ca\/wp-json\/wp\/v2\/tags?post=574"}],"curies":[{"name":"wp","href":"https:\/\/api.w.org\/{rel}","templated":true}]}}