{"id":4427,"date":"2019-11-25T12:42:09","date_gmt":"2019-11-25T12:42:09","guid":{"rendered":"http:\/\/canserrat.org\/?p=4427"},"modified":"2020-02-05T16:34:03","modified_gmt":"2020-02-05T16:34:03","slug":"4427-2","status":"publish","type":"post","link":"https:\/\/canserrat.org\/ca\/4427-2","title":{"rendered":"Felipe Mart\u00ednez Cu\u00e9llar"},"content":{"rendered":"<span data-sheets-value=\"{&quot;1&quot;:2,&quot;2&quot;:&quot;Escritor y gestor cultural. Desde 2011 trabajo en proyectos para fortalecer la circulaci\u00f3n del libro en Colombia. Autor de dos novelas, La Cosecha (2015) y Frontera (2019). Me interesa la relaci\u00f3n del hombre con la naturaleza, los procesos de construcci\u00f3n de identidad a trav\u00e9s de la memoria y las dificultades de comunicaci\u00f3n en las relaciones humanas.&quot;}\" data-sheets-userformat=\"{&quot;2&quot;:513,&quot;3&quot;:{&quot;1&quot;:0},&quot;12&quot;:0}\"><img decoding=\"async\" loading=\"lazy\" class=\"size-medium wp-image-4428 aligncenter\" src=\"http:\/\/canserrat.org\/wp-content\/uploads\/2019\/11\/unnamed-file-4-224x300.jpg\" alt=\"\" width=\"224\" height=\"300\" srcset=\"https:\/\/canserrat.org\/wp-content\/uploads\/2019\/11\/unnamed-file-4-224x300.jpg 224w, https:\/\/canserrat.org\/wp-content\/uploads\/2019\/11\/unnamed-file-4.jpg 554w\" sizes=\"(max-width: 224px) 100vw, 224px\" \/><\/span><\/p>\n<p>&nbsp;<\/p>\n<p>Escriptor i gestor cultural. Des de 2011 treballo en projectes per enfortir la circulaci\u00f3 de el llibre a Col\u00f2mbia. Autor de dues novel\u00b7les, <span data-sheets-value=\"{&quot;1&quot;:2,&quot;2&quot;:&quot;Escritor y gestor cultural. Desde 2011 trabajo en proyectos para fortalecer la circulaci\u00f3n del libro en Colombia. Autor de dos novelas, La Cosecha (2015) y Frontera (2019). Me interesa la relaci\u00f3n del hombre con la naturaleza, los procesos de construcci\u00f3n de identidad a trav\u00e9s de la memoria y las dificultades de comunicaci\u00f3n en las relaciones humanas.&quot;}\" data-sheets-userformat=\"{&quot;2&quot;:513,&quot;3&quot;:{&quot;1&quot;:0},&quot;12&quot;:0}\"><em>La Cosecha<\/em> (2015) y <em>Frontera<\/em> (2019).<\/span> M&#8217;interessa la relaci\u00f3 de l&#8217;home amb la natura, els processos de construcci\u00f3 d&#8217;identitat a trav\u00e9s de la mem\u00f2ria i les dificultats de comunicaci\u00f3 en les relacions humanes.<\/p>\n<p>En Felipe ha fet la seva resid\u00e8ncia a Can Serrat durant el mes de Gener de 2020.","protected":false},"excerpt":{"rendered":"<p>&nbsp; Escriptor i gestor cultural. Des de 2011 treballo en projectes per enfortir la circulaci\u00f3 de el llibre a Col\u00f2mbia. Autor de dues novel\u00b7les, La Cosecha (2015) y Frontera (2019). M&#8217;interessa la relaci\u00f3 de l&#8217;home amb la natura, els processos &hellip; <a href=\"https:\/\/canserrat.org\/ca\/4427-2\">Continued<\/a><\/p>\n","protected":false},"author":4,"featured_media":4428,"comment_status":"closed","ping_status":"closed","sticky":false,"template":"","format":"standard","meta":{"_monsterinsights_skip_tracking":false,"_monsterinsights_sitenote_active":false,"_monsterinsights_sitenote_note":"","_monsterinsights_sitenote_category":0,"footnotes":""},"categories":[10,11],"tags":[],"_links":{"self":[{"href":"https:\/\/canserrat.org\/ca\/wp-json\/wp\/v2\/posts\/4427"}],"collection":[{"href":"https:\/\/canserrat.org\/ca\/wp-json\/wp\/v2\/posts"}],"about":[{"href":"https:\/\/canserrat.org\/ca\/wp-json\/wp\/v2\/types\/post"}],"author":[{"embeddable":true,"href":"https:\/\/canserrat.org\/ca\/wp-json\/wp\/v2\/users\/4"}],"replies":[{"embeddable":true,"href":"https:\/\/canserrat.org\/ca\/wp-json\/wp\/v2\/comments?post=4427"}],"version-history":[{"count":3,"href":"https:\/\/canserrat.org\/ca\/wp-json\/wp\/v2\/posts\/4427\/revisions"}],"predecessor-version":[{"id":4431,"href":"https:\/\/canserrat.org\/ca\/wp-json\/wp\/v2\/posts\/4427\/revisions\/4431"}],"wp:featuredmedia":[{"embeddable":true,"href":"https:\/\/canserrat.org\/ca\/wp-json\/wp\/v2\/media\/4428"}],"wp:attachment":[{"href":"https:\/\/canserrat.org\/ca\/wp-json\/wp\/v2\/media?parent=4427"}],"wp:term":[{"taxonomy":"category","embeddable":true,"href":"https:\/\/canserrat.org\/ca\/wp-json\/wp\/v2\/categories?post=4427"},{"taxonomy":"post_tag","embeddable":true,"href":"https:\/\/canserrat.org\/ca\/wp-json\/wp\/v2\/tags?post=4427"}],"curies":[{"name":"wp","href":"https:\/\/api.w.org\/{rel}","templated":true}]}}