{"id":4375,"date":"2019-11-20T11:41:43","date_gmt":"2019-11-20T11:41:43","guid":{"rendered":"http:\/\/canserrat.org\/?p=4375"},"modified":"2020-03-03T15:14:17","modified_gmt":"2020-03-03T15:14:17","slug":"alejandro-prada-ojeda","status":"publish","type":"post","link":"https:\/\/canserrat.org\/ca\/alejandro-prada-ojeda","title":{"rendered":"Alejandro Prada Ojeda"},"content":{"rendered":"<img decoding=\"async\" loading=\"lazy\" class=\"size-medium wp-image-4376 aligncenter\" src=\"http:\/\/canserrat.org\/wp-content\/uploads\/2019\/11\/alejandro-300x223.jpg\" alt=\"\" width=\"300\" height=\"223\" srcset=\"https:\/\/canserrat.org\/wp-content\/uploads\/2019\/11\/alejandro-300x223.jpg 300w, https:\/\/canserrat.org\/wp-content\/uploads\/2019\/11\/alejandro.jpg 995w\" sizes=\"(max-width: 300px) 100vw, 300px\" \/><\/p>\n<p>&nbsp;<\/p>\n<p>Vaig n\u00e9ixer a Sevilla, un diumenge de fira. Gaireb\u00e9 arribo a futbolista professional amb el Sevilla sent de el Betis. Per tant, estimo i odio a parts iguals la &#8220;sevillan\u00eda&#8221;. Quan vaig acabar selectivitat vaig escollir medicina a l&#8217;autob\u00fas en el qual anava a presentar la paperassa. Filologia quedar la segona.<\/p>\n<p>A segon de carrera, l&#8217;hospital en el qual estudiava van convidar a Antonio Gala a donar una confer\u00e8ncia i aquella nit li vaig dir al meu pare que ho deixava i que em ficava a escriptor. Per\u00f2 al mat\u00ed seg\u00fcent vaig anar a classes una altra vegada. A quart, quan vaig veure el meu primer pacient en pr\u00e0ctiques, vaig saber que aquella decisi\u00f3 de l&#8217;autob\u00fas finalment anava a ser un cop de sort. Vaig acabar i em van triar per donar el discurs de fi de carrera &#8220;pels meus dots d&#8217;escriptor&#8221; i vaig venir a Madrid per a l&#8217;especialitat i a buscar sort liter\u00e0ria.<\/p>\n<p>Gr\u00e0cies a bons\/nous amics vaig contactar amb l&#8217;editorial <em>Huerga i Fierro<\/em> i amb ells vaig participar primer en un llibre col\u00b7lectiu, 2012: Generaci\u00f3 de l&#8217;<em>#findelmundo<\/em>, i despr\u00e9s vaig fer el meu primer llibre en solitari, el poemari <span data-sheets-value=\"{&quot;1&quot;:2,&quot;2&quot;:&quot;Nac\u00ed en Sevilla, en el Virgen del Roc\u00edo, un domingo de feria. Casi llego a futbolista profesional con el Sevilla siendo del Betis. Por lo tanto, amo y odio a partes iguales la \u201csevillan\u00eda\u201d. Cuando acab\u00e9 selectividad cog\u00ed medicina en el autob\u00fas en el que iba a presentar el papeleo. Filolog\u00eda qued\u00f3 la segunda. Gajes de ser empoll\u00f3n. En segundo de carrera, el hospital en el que estudiaba cumpli\u00f3 75 a\u00f1os y para celebrarlo invitaron a Antonio Gala. Dio una conferencia y aquella noche le dije a mi padre que lo dejaba y que me met\u00eda a escritor. Pero a la ma\u00f1ana siguiente fui a clases otra vez. En cuarto, cuando vi mi primer paciente en pr\u00e1cticas, me enter\u00e9 de que aquella decisi\u00f3n del autob\u00fas al final iba a ser un golpe de suerte, as\u00ed que el camino se hizo llano. Termin\u00e9, me eligieron para dar el discurso de fin de carrera \u201cpor mis dotes de escritor\u201d y me vine a Madrid para la especialidad (soy reumat\u00f3logo de adultos y de ni\u00f1os) y buscar suerte literaria. Gracias a buenos\/nuevos amigos contact\u00e9 con la editorial Huerga y Fierro y con ellos particip\u00e9 primero en un libro colectivo, 2012: Generaci\u00f3n del #findelmundo, y luego hice mi primer libro en solitario, el poemario Bipedestaci\u00f3n (y otros conceptos antropomorfos). Buscando otro tipo de aires editoriales convenc\u00ed con el siguiente poemario a la editorial argentina Huesos de jibia para publicar La linterna de Arist\u00f3teles, donde ya los bichos y los ciclos tienen gran protagonismo. En 2016 publiqu\u00e9 de nuevo con Huerga y Fierro mi primer libro en prosa, un compendio de relatos llamado Di\u00e1logo de perros y \u00e1ngeles. En este libro me invento por la cara, a partir de algunos eventos hist\u00f3ricos difuminados, lo que pudo pasar entre Giacometti y la Dietrich, lo que traman Keith Richards y Bob Dylan buscando a la \u201cChica del norte\u201d, la amistad entre el m\u00edstico Fray Luis de Le\u00f3n y el poeta pornogr\u00e1fico Fray Melchor de la Serna, la vida en el Madrid de los 50 del reserva de Gento en el Real Madrid pre-yey\u00e9 (y al que pude conocer en persona y entrevistarle, por lo que se abrieron las puertas a espor\u00e1dicas intervenciones period\u00edsticas a\u00f1adidas en revistas como Panenka, T Magazine o el suplemento literario Telegr\u00e1fica de la editorial sevillana Maclein y Parker) o los \u00faltimos pensamientos de Natalie Wood mientras se ahoga, entre otras historias. En febrero de 2020, si nada se tuerce, publicar\u00e9 mi primera novela con Seix Barral\/Planeta.\\n\\nAdem\u00e1s de todo esto, que conste que los \u00fanicos que tienen su balda individual en la estanter\u00eda de mi casa son Umbral y Juan Ram\u00f3n Jim\u00e9nez, que de mayor quiero escribir como Onetti copiando a Delibes copiando a Umbral, que creo firmemente en que Paul Thomas Anderson hizo con Magnolia la pel\u00edcula m\u00e1s bella de la historia y que si me pongo a hablar de referentes llenos tres p\u00e1ginas m\u00e1s, Ram\u00f3n y Valle, Rulfo y Arenas, Cort\u00e1zar y Capote, Gald\u00f3s y Lorca, Gordillo y Antony Hergarty\u2026&quot;}\" data-sheets-userformat=\"{&quot;2&quot;:4513,&quot;3&quot;:{&quot;1&quot;:0},&quot;8&quot;:{&quot;1&quot;:[{&quot;1&quot;:2,&quot;2&quot;:0,&quot;5&quot;:{&quot;1&quot;:0}},{&quot;1&quot;:0,&quot;2&quot;:0,&quot;3&quot;:3},{&quot;1&quot;:1,&quot;2&quot;:0,&quot;4&quot;:1}]},&quot;10&quot;:2,&quot;11&quot;:0,&quot;15&quot;:&quot;Arial&quot;}\"><em>Bipedestaci\u00f3n (y otros conceptos antropomorfos)<\/em><\/span>. Buscant un altre tipus d&#8217;aires editorials conv\u00e8ncer amb el seg\u00fcent poemari a l&#8217;editorial <em>Huesos de jibia<\/em> per publicar <span data-sheets-value=\"{&quot;1&quot;:2,&quot;2&quot;:&quot;Nac\u00ed en Sevilla, en el Virgen del Roc\u00edo, un domingo de feria. Casi llego a futbolista profesional con el Sevilla siendo del Betis. Por lo tanto, amo y odio a partes iguales la \u201csevillan\u00eda\u201d. Cuando acab\u00e9 selectividad cog\u00ed medicina en el autob\u00fas en el que iba a presentar el papeleo. Filolog\u00eda qued\u00f3 la segunda. Gajes de ser empoll\u00f3n. En segundo de carrera, el hospital en el que estudiaba cumpli\u00f3 75 a\u00f1os y para celebrarlo invitaron a Antonio Gala. Dio una conferencia y aquella noche le dije a mi padre que lo dejaba y que me met\u00eda a escritor. Pero a la ma\u00f1ana siguiente fui a clases otra vez. En cuarto, cuando vi mi primer paciente en pr\u00e1cticas, me enter\u00e9 de que aquella decisi\u00f3n del autob\u00fas al final iba a ser un golpe de suerte, as\u00ed que el camino se hizo llano. Termin\u00e9, me eligieron para dar el discurso de fin de carrera \u201cpor mis dotes de escritor\u201d y me vine a Madrid para la especialidad (soy reumat\u00f3logo de adultos y de ni\u00f1os) y buscar suerte literaria. Gracias a buenos\/nuevos amigos contact\u00e9 con la editorial Huerga y Fierro y con ellos particip\u00e9 primero en un libro colectivo, 2012: Generaci\u00f3n del #findelmundo, y luego hice mi primer libro en solitario, el poemario Bipedestaci\u00f3n (y otros conceptos antropomorfos). Buscando otro tipo de aires editoriales convenc\u00ed con el siguiente poemario a la editorial argentina Huesos de jibia para publicar La linterna de Arist\u00f3teles, donde ya los bichos y los ciclos tienen gran protagonismo. En 2016 publiqu\u00e9 de nuevo con Huerga y Fierro mi primer libro en prosa, un compendio de relatos llamado Di\u00e1logo de perros y \u00e1ngeles. En este libro me invento por la cara, a partir de algunos eventos hist\u00f3ricos difuminados, lo que pudo pasar entre Giacometti y la Dietrich, lo que traman Keith Richards y Bob Dylan buscando a la \u201cChica del norte\u201d, la amistad entre el m\u00edstico Fray Luis de Le\u00f3n y el poeta pornogr\u00e1fico Fray Melchor de la Serna, la vida en el Madrid de los 50 del reserva de Gento en el Real Madrid pre-yey\u00e9 (y al que pude conocer en persona y entrevistarle, por lo que se abrieron las puertas a espor\u00e1dicas intervenciones period\u00edsticas a\u00f1adidas en revistas como Panenka, T Magazine o el suplemento literario Telegr\u00e1fica de la editorial sevillana Maclein y Parker) o los \u00faltimos pensamientos de Natalie Wood mientras se ahoga, entre otras historias. En febrero de 2020, si nada se tuerce, publicar\u00e9 mi primera novela con Seix Barral\/Planeta.\\n\\nAdem\u00e1s de todo esto, que conste que los \u00fanicos que tienen su balda individual en la estanter\u00eda de mi casa son Umbral y Juan Ram\u00f3n Jim\u00e9nez, que de mayor quiero escribir como Onetti copiando a Delibes copiando a Umbral, que creo firmemente en que Paul Thomas Anderson hizo con Magnolia la pel\u00edcula m\u00e1s bella de la historia y que si me pongo a hablar de referentes llenos tres p\u00e1ginas m\u00e1s, Ram\u00f3n y Valle, Rulfo y Arenas, Cort\u00e1zar y Capote, Gald\u00f3s y Lorca, Gordillo y Antony Hergarty\u2026&quot;}\" data-sheets-userformat=\"{&quot;2&quot;:4513,&quot;3&quot;:{&quot;1&quot;:0},&quot;8&quot;:{&quot;1&quot;:[{&quot;1&quot;:2,&quot;2&quot;:0,&quot;5&quot;:{&quot;1&quot;:0}},{&quot;1&quot;:0,&quot;2&quot;:0,&quot;3&quot;:3},{&quot;1&quot;:1,&quot;2&quot;:0,&quot;4&quot;:1}]},&quot;10&quot;:2,&quot;11&quot;:0,&quot;15&quot;:&quot;Arial&quot;}\"><em>La linterna de Arist\u00f3teles<\/em><\/span>l, on ja les bestioles i els cicles tenen gran protagonisme. En 2016 vaig publicar amb Huerga i Fierro meu primer llibre en prosa <span data-sheets-value=\"{&quot;1&quot;:2,&quot;2&quot;:&quot;Nac\u00ed en Sevilla, en el Virgen del Roc\u00edo, un domingo de feria. Casi llego a futbolista profesional con el Sevilla siendo del Betis. Por lo tanto, amo y odio a partes iguales la \u201csevillan\u00eda\u201d. Cuando acab\u00e9 selectividad cog\u00ed medicina en el autob\u00fas en el que iba a presentar el papeleo. Filolog\u00eda qued\u00f3 la segunda. Gajes de ser empoll\u00f3n. En segundo de carrera, el hospital en el que estudiaba cumpli\u00f3 75 a\u00f1os y para celebrarlo invitaron a Antonio Gala. Dio una conferencia y aquella noche le dije a mi padre que lo dejaba y que me met\u00eda a escritor. Pero a la ma\u00f1ana siguiente fui a clases otra vez. En cuarto, cuando vi mi primer paciente en pr\u00e1cticas, me enter\u00e9 de que aquella decisi\u00f3n del autob\u00fas al final iba a ser un golpe de suerte, as\u00ed que el camino se hizo llano. Termin\u00e9, me eligieron para dar el discurso de fin de carrera \u201cpor mis dotes de escritor\u201d y me vine a Madrid para la especialidad (soy reumat\u00f3logo de adultos y de ni\u00f1os) y buscar suerte literaria. Gracias a buenos\/nuevos amigos contact\u00e9 con la editorial Huerga y Fierro y con ellos particip\u00e9 primero en un libro colectivo, 2012: Generaci\u00f3n del #findelmundo, y luego hice mi primer libro en solitario, el poemario Bipedestaci\u00f3n (y otros conceptos antropomorfos). Buscando otro tipo de aires editoriales convenc\u00ed con el siguiente poemario a la editorial argentina Huesos de jibia para publicar La linterna de Arist\u00f3teles, donde ya los bichos y los ciclos tienen gran protagonismo. En 2016 publiqu\u00e9 de nuevo con Huerga y Fierro mi primer libro en prosa, un compendio de relatos llamado Di\u00e1logo de perros y \u00e1ngeles. En este libro me invento por la cara, a partir de algunos eventos hist\u00f3ricos difuminados, lo que pudo pasar entre Giacometti y la Dietrich, lo que traman Keith Richards y Bob Dylan buscando a la \u201cChica del norte\u201d, la amistad entre el m\u00edstico Fray Luis de Le\u00f3n y el poeta pornogr\u00e1fico Fray Melchor de la Serna, la vida en el Madrid de los 50 del reserva de Gento en el Real Madrid pre-yey\u00e9 (y al que pude conocer en persona y entrevistarle, por lo que se abrieron las puertas a espor\u00e1dicas intervenciones period\u00edsticas a\u00f1adidas en revistas como Panenka, T Magazine o el suplemento literario Telegr\u00e1fica de la editorial sevillana Maclein y Parker) o los \u00faltimos pensamientos de Natalie Wood mientras se ahoga, entre otras historias. En febrero de 2020, si nada se tuerce, publicar\u00e9 mi primera novela con Seix Barral\/Planeta.\\n\\nAdem\u00e1s de todo esto, que conste que los \u00fanicos que tienen su balda individual en la estanter\u00eda de mi casa son Umbral y Juan Ram\u00f3n Jim\u00e9nez, que de mayor quiero escribir como Onetti copiando a Delibes copiando a Umbral, que creo firmemente en que Paul Thomas Anderson hizo con Magnolia la pel\u00edcula m\u00e1s bella de la historia y que si me pongo a hablar de referentes llenos tres p\u00e1ginas m\u00e1s, Ram\u00f3n y Valle, Rulfo y Arenas, Cort\u00e1zar y Capote, Gald\u00f3s y Lorca, Gordillo y Antony Hergarty\u2026&quot;}\" data-sheets-userformat=\"{&quot;2&quot;:4513,&quot;3&quot;:{&quot;1&quot;:0},&quot;8&quot;:{&quot;1&quot;:[{&quot;1&quot;:2,&quot;2&quot;:0,&quot;5&quot;:{&quot;1&quot;:0}},{&quot;1&quot;:0,&quot;2&quot;:0,&quot;3&quot;:3},{&quot;1&quot;:1,&quot;2&quot;:0,&quot;4&quot;:1}]},&quot;10&quot;:2,&quot;11&quot;:0,&quot;15&quot;:&quot;Arial&quot;}\"><em>Di\u00e1logo de perros y \u00e1ngeles<\/em><\/span>. En aquest llibre m&#8217;invento, a partir d&#8217;alguns esdeveniments hist\u00f2rics difuminats, el que va poder passar entre Giacometti i la Dietrich, el que tramen Keith Richards i Bob Dylan buscant a la &#8220;Noia de el nord&#8221;, l&#8217;amistat entre el m\u00edstic Fra Luis de Le\u00f3n i el poeta pornogr\u00e0fic Fra Melchor de la Serna, la vida al Madrid dels 50 del reserva d&#8217;Gento al Reial Madrid pre-ie-ie o els \u00faltims pensaments de Natalie Wood mentre s&#8217;ofega, entre d&#8217;altres hist\u00f2ries.<\/p>\n<p>Al febrer de 2020, publicar\u00e9 la meva primera novel\u00b7la amb Seix Barral \/ Planeta.<\/p>\n<p>L&#8217;Alejandro ha fet la seva resid\u00e8ncia a Can Serrat durant el mes de Gener 2020.<\/p>\n<p>&nbsp;<\/p>\n<h4><span style=\"color: #33cccc;\">Sobre el seu proc\u00e9s de treball a la resid\u00e8ncia &gt;&gt;<\/span><\/h4>\n<iframe src=\"\/\/docs.google.com\/viewer?url=http%3A%2F%2Fcanserrat.org%2Fwp-content%2Fuploads%2F2019%2F11%2FSAL%C3%93N-LLANTO-CORRESPONDENCIA-COSAS-Alex-Prada.pdf&hl=es&embedded=true\" class=\"gde-frame\" style=\"width:100%; height:500px; border: none;\" scrolling=\"no\"><\/iframe>\n<p class=\"gde-text\"><a href=\"http:\/\/canserrat.org\/wp-content\/uploads\/2019\/11\/SAL\u00d3N-LLANTO-CORRESPONDENCIA-COSAS-Alex-Prada.pdf\" class=\"gde-link\">Descargar (PDF, 31KB)<\/a><\/p>","protected":false},"excerpt":{"rendered":"<p>&nbsp; Vaig n\u00e9ixer a Sevilla, un diumenge de fira. Gaireb\u00e9 arribo a futbolista professional amb el Sevilla sent de el Betis. Per tant, estimo i odio a parts iguals la &#8220;sevillan\u00eda&#8221;. Quan vaig acabar selectivitat vaig escollir medicina a l&#8217;autob\u00fas &hellip; <a href=\"https:\/\/canserrat.org\/ca\/alejandro-prada-ojeda\">Continued<\/a><\/p>\n","protected":false},"author":4,"featured_media":4376,"comment_status":"closed","ping_status":"closed","sticky":false,"template":"","format":"standard","meta":{"_monsterinsights_skip_tracking":false,"_monsterinsights_sitenote_active":false,"_monsterinsights_sitenote_note":"","_monsterinsights_sitenote_category":0,"footnotes":""},"categories":[10,11],"tags":[],"_links":{"self":[{"href":"https:\/\/canserrat.org\/ca\/wp-json\/wp\/v2\/posts\/4375"}],"collection":[{"href":"https:\/\/canserrat.org\/ca\/wp-json\/wp\/v2\/posts"}],"about":[{"href":"https:\/\/canserrat.org\/ca\/wp-json\/wp\/v2\/types\/post"}],"author":[{"embeddable":true,"href":"https:\/\/canserrat.org\/ca\/wp-json\/wp\/v2\/users\/4"}],"replies":[{"embeddable":true,"href":"https:\/\/canserrat.org\/ca\/wp-json\/wp\/v2\/comments?post=4375"}],"version-history":[{"count":4,"href":"https:\/\/canserrat.org\/ca\/wp-json\/wp\/v2\/posts\/4375\/revisions"}],"predecessor-version":[{"id":4849,"href":"https:\/\/canserrat.org\/ca\/wp-json\/wp\/v2\/posts\/4375\/revisions\/4849"}],"wp:featuredmedia":[{"embeddable":true,"href":"https:\/\/canserrat.org\/ca\/wp-json\/wp\/v2\/media\/4376"}],"wp:attachment":[{"href":"https:\/\/canserrat.org\/ca\/wp-json\/wp\/v2\/media?parent=4375"}],"wp:term":[{"taxonomy":"category","embeddable":true,"href":"https:\/\/canserrat.org\/ca\/wp-json\/wp\/v2\/categories?post=4375"},{"taxonomy":"post_tag","embeddable":true,"href":"https:\/\/canserrat.org\/ca\/wp-json\/wp\/v2\/tags?post=4375"}],"curies":[{"name":"wp","href":"https:\/\/api.w.org\/{rel}","templated":true}]}}