{"id":3801,"date":"2019-07-29T14:03:14","date_gmt":"2019-07-29T14:03:14","guid":{"rendered":"http:\/\/canserrat.org\/?p=3801"},"modified":"2019-11-06T13:20:55","modified_gmt":"2019-11-06T13:20:55","slug":"chaz-oneil","status":"publish","type":"post","link":"https:\/\/canserrat.org\/ca\/chaz-oneil","title":{"rendered":"Chaz O\u2019Neil"},"content":{"rendered":"<img decoding=\"async\" loading=\"lazy\" class=\" wp-image-3802 aligncenter\" src=\"http:\/\/canserrat.org\/wp-content\/uploads\/2019\/07\/chaz-209x300.jpg\" alt=\"\" width=\"233\" height=\"333\" srcset=\"https:\/\/canserrat.org\/wp-content\/uploads\/2019\/07\/chaz-209x300.jpg 209w, https:\/\/canserrat.org\/wp-content\/uploads\/2019\/07\/chaz.jpg 527w\" sizes=\"(max-width: 233px) 100vw, 233px\" \/><\/p>\n<p>&nbsp;<\/p>\n<p>Chaz O&#8217;Neil va rebre la resid\u00e8ncia OAL a Can Serrat al Bruc, Espanya, aix\u00ed com la resid\u00e8ncia d&#8217;intercanvi del GCAC Dresden a Alemanya.<\/p>\n<p>Chaz es va llicenciar a la Universitat de OTTERBEIN i va fer el seu m\u00e0ster a la Universitat de Bowling Green. Actualment, el seu temps es divideix entre crear art, treballar com a assistent d&#8217;exposici\u00f3 de la galeria en la Universitat OTTERBEIN i donar classes al departament d&#8217;art de la universitat. A m\u00e9s d&#8217;aquesta atape\u00efda agenda, \u00e9s l&#8217;assistent de direcci\u00f3 de les exposicions de Belles Arts a la Fira Estatal d&#8217;Ohio.<\/p>\n<p><span style=\"color: #0000ff;\"><strong>\/\/\/\/<\/strong> <\/span><a href=\"http:\/\/www.chazoneil.com\/\" target=\"_blank\" rel=\"noopener noreferrer\">http:\/\/www.chazoneil.com\/<\/a>\u00a0<strong><span style=\"color: #0000ff;\"> \/\/\/\/<\/span><\/strong><\/p>\n<p>&nbsp;<\/p>\n<p>Resident a Can Serrat del 2 al 27\/09\/2019<\/p>\n<p>&nbsp;<\/p>\n<h4><span style=\"color: #33cccc;\">Sobre el seu proc\u00e9s de treball a la resid\u00e8ncia &gt;&gt;&gt;<\/span><\/h4>\n<iframe src=\"\/\/docs.google.com\/viewer?url=http%3A%2F%2Fcanserrat.org%2Fwp-content%2Fuploads%2F2019%2F07%2FCheck-Point-ChazONeil-2019-Charles-ONeil.pdf&hl=es&embedded=true\" class=\"gde-frame\" style=\"width:100%; height:500px; border: none;\" scrolling=\"no\"><\/iframe>\n<p class=\"gde-text\"><a href=\"http:\/\/canserrat.org\/wp-content\/uploads\/2019\/07\/Check-Point-ChazONeil-2019-Charles-ONeil.pdf\" class=\"gde-link\">Descargar (PDF, 4.6MB)<\/a><\/p>\n<p>&nbsp;<\/p>\n<p>&nbsp;<\/p>\n<p>&nbsp;","protected":false},"excerpt":{"rendered":"<p>&nbsp; Chaz O&#8217;Neil va rebre la resid\u00e8ncia OAL a Can Serrat al Bruc, Espanya, aix\u00ed com la resid\u00e8ncia d&#8217;intercanvi del GCAC Dresden a Alemanya. Chaz es va llicenciar a la Universitat de OTTERBEIN i va fer el seu m\u00e0ster a &hellip; <a href=\"https:\/\/canserrat.org\/ca\/chaz-oneil\">Continued<\/a><\/p>\n","protected":false},"author":4,"featured_media":3802,"comment_status":"closed","ping_status":"closed","sticky":false,"template":"","format":"standard","meta":{"_monsterinsights_skip_tracking":false,"_monsterinsights_sitenote_active":false,"_monsterinsights_sitenote_note":"","_monsterinsights_sitenote_category":0,"footnotes":""},"categories":[10,11],"tags":[],"_links":{"self":[{"href":"https:\/\/canserrat.org\/ca\/wp-json\/wp\/v2\/posts\/3801"}],"collection":[{"href":"https:\/\/canserrat.org\/ca\/wp-json\/wp\/v2\/posts"}],"about":[{"href":"https:\/\/canserrat.org\/ca\/wp-json\/wp\/v2\/types\/post"}],"author":[{"embeddable":true,"href":"https:\/\/canserrat.org\/ca\/wp-json\/wp\/v2\/users\/4"}],"replies":[{"embeddable":true,"href":"https:\/\/canserrat.org\/ca\/wp-json\/wp\/v2\/comments?post=3801"}],"version-history":[{"count":2,"href":"https:\/\/canserrat.org\/ca\/wp-json\/wp\/v2\/posts\/3801\/revisions"}],"predecessor-version":[{"id":4300,"href":"https:\/\/canserrat.org\/ca\/wp-json\/wp\/v2\/posts\/3801\/revisions\/4300"}],"wp:featuredmedia":[{"embeddable":true,"href":"https:\/\/canserrat.org\/ca\/wp-json\/wp\/v2\/media\/3802"}],"wp:attachment":[{"href":"https:\/\/canserrat.org\/ca\/wp-json\/wp\/v2\/media?parent=3801"}],"wp:term":[{"taxonomy":"category","embeddable":true,"href":"https:\/\/canserrat.org\/ca\/wp-json\/wp\/v2\/categories?post=3801"},{"taxonomy":"post_tag","embeddable":true,"href":"https:\/\/canserrat.org\/ca\/wp-json\/wp\/v2\/tags?post=3801"}],"curies":[{"name":"wp","href":"https:\/\/api.w.org\/{rel}","templated":true}]}}