{"id":3684,"date":"2019-06-12T14:10:43","date_gmt":"2019-06-12T14:10:43","guid":{"rendered":"http:\/\/canserrat.org\/?p=3684"},"modified":"2019-07-24T14:26:00","modified_gmt":"2019-07-24T14:26:00","slug":"natali-aboud","status":"publish","type":"post","link":"https:\/\/canserrat.org\/ca\/natali-aboud","title":{"rendered":"Natali Aboud"},"content":{"rendered":"<img decoding=\"async\" loading=\"lazy\" class=\" wp-image-3685 aligncenter\" src=\"http:\/\/canserrat.org\/wp-content\/uploads\/2019\/06\/Screenshot_3-225x300.jpg\" alt=\"\" width=\"192\" height=\"255\" srcset=\"https:\/\/canserrat.org\/wp-content\/uploads\/2019\/06\/Screenshot_3-225x300.jpg 225w, https:\/\/canserrat.org\/wp-content\/uploads\/2019\/06\/Screenshot_3-300x400.jpg 300w, https:\/\/canserrat.org\/wp-content\/uploads\/2019\/06\/Screenshot_3.jpg 552w\" sizes=\"(max-width: 192px) 100vw, 192px\" \/><\/p>\n<p>&nbsp;<\/p>\n<p>&nbsp;<\/p>\n<p>Guionista, escriptora i directora de teatre. Graduada de terciari de gui\u00f3 (Laboratori del Gui\u00f3). Es va formar com a dramaturga amb <span data-sheets-value=\"{&quot;1&quot;:2,&quot;2&quot;:&quot;Guionista, escritora y directora de teatro. Egresada del terciario de gui\u00f3n (Laboratorio del Gui\u00f3n). Se form\u00f3 como dramaturga con Mauricio Kartun y Ariel Farace. Actualmente realiza la carrera de Licenciatura en Artes de la Escritura en la Universidad de las Artes. En el 2018 estren\u00f3 su segunda obra de teatro como directora. \u00a8\u00danica\u00a8. Escribi\u00f3 \u00a8Un viaje a los deseos\u00a8, estreno Gran Rex. En el 2017 obtuvo menci\u00f3n especial en FAUNA por el cuento \u00a8El Marley metalero\u00a8 . Tambi\u00e9n fue parte de la selecci\u00f3n competencia en BAFICI 2017 por el cortometraje que escribi\u00f3 y dirigi\u00f3 \u00a8Mundo Country\u00a8, con el apoyo del Fondo Metropolitano. &quot;}\" data-sheets-userformat=\"{&quot;2&quot;:513,&quot;3&quot;:{&quot;1&quot;:0},&quot;12&quot;:0}\">Mauricio Kartun<\/span> i Ariel Farace. Actualment esta fent la carrera de Llicenciatura en Arts de Escriptura a la Universitat de les Arts. Al 2018 va estrenar la seva segona obra de teatre com a directora.&#8221;<em>\u00danica<\/em>&#8220;. Va escriure <em>\u00a8Un viaje a los deseos\u00a8,<\/em> estrena Gran Rex. Al 2017 va obtenir menci\u00f3 especial a FAUNA pel conte <em>\u00a8El Marley metalero&#8221;<\/em>. Tamb\u00e9 va ser part de la selecci\u00f3 compet\u00e8ncia en BAFICI 2017 pel curtmetratge que va escriure i dirigir <em>\u00a8Mundo Country\u00a8<\/em>, amb el suport del <span data-sheets-value=\"{&quot;1&quot;:2,&quot;2&quot;:&quot;Guionista, escritora y directora de teatro. Egresada del terciario de gui\u00f3n (Laboratorio del Gui\u00f3n). Se form\u00f3 como dramaturga con Mauricio Kartun y Ariel Farace. Actualmente realiza la carrera de Licenciatura en Artes de la Escritura en la Universidad de las Artes. En el 2018 estren\u00f3 su segunda obra de teatro como directora. \u00a8\u00danica\u00a8. Escribi\u00f3 \u00a8Un viaje a los deseos\u00a8, estreno Gran Rex. En el 2017 obtuvo menci\u00f3n especial en FAUNA por el cuento \u00a8El Marley metalero\u00a8 . Tambi\u00e9n fue parte de la selecci\u00f3n competencia en BAFICI 2017 por el cortometraje que escribi\u00f3 y dirigi\u00f3 \u00a8Mundo Country\u00a8, con el apoyo del Fondo Metropolitano. &quot;}\" data-sheets-userformat=\"{&quot;2&quot;:513,&quot;3&quot;:{&quot;1&quot;:0},&quot;12&quot;:0}\">Fondo Metropolitano.<\/span><\/p>\n<p>&nbsp;<\/p>\n<p><strong><span style=\"color: #0000ff;\">\/\/\/\/\u00a0<\/span><\/strong> <a href=\"https:\/\/www.facebook.com\/natali.aboud?ref=bookmarks\" target=\"_blank\" rel=\"noopener noreferrer\">https:\/\/www.facebook.com\/natali.aboud?ref=bookmarks<\/a>\u00a0 <strong><span style=\"color: #0000ff;\">\u00a0\/\/\/\/<\/span><\/strong><\/p>\n<p>&nbsp;<\/p>\n<p>Resident a Can Serrat del 2 &#8211; 22\/07\/2019","protected":false},"excerpt":{"rendered":"<p>&nbsp; &nbsp; Guionista, escriptora i directora de teatre. Graduada de terciari de gui\u00f3 (Laboratori del Gui\u00f3). Es va formar com a dramaturga amb Mauricio Kartun i Ariel Farace. Actualment esta fent la carrera de Llicenciatura en Arts de Escriptura a &hellip; <a href=\"https:\/\/canserrat.org\/ca\/natali-aboud\">Continued<\/a><\/p>\n","protected":false},"author":4,"featured_media":3685,"comment_status":"closed","ping_status":"closed","sticky":false,"template":"","format":"standard","meta":{"_monsterinsights_skip_tracking":false,"_monsterinsights_sitenote_active":false,"_monsterinsights_sitenote_note":"","_monsterinsights_sitenote_category":0,"footnotes":""},"categories":[10,11],"tags":[],"_links":{"self":[{"href":"https:\/\/canserrat.org\/ca\/wp-json\/wp\/v2\/posts\/3684"}],"collection":[{"href":"https:\/\/canserrat.org\/ca\/wp-json\/wp\/v2\/posts"}],"about":[{"href":"https:\/\/canserrat.org\/ca\/wp-json\/wp\/v2\/types\/post"}],"author":[{"embeddable":true,"href":"https:\/\/canserrat.org\/ca\/wp-json\/wp\/v2\/users\/4"}],"replies":[{"embeddable":true,"href":"https:\/\/canserrat.org\/ca\/wp-json\/wp\/v2\/comments?post=3684"}],"version-history":[{"count":3,"href":"https:\/\/canserrat.org\/ca\/wp-json\/wp\/v2\/posts\/3684\/revisions"}],"predecessor-version":[{"id":3688,"href":"https:\/\/canserrat.org\/ca\/wp-json\/wp\/v2\/posts\/3684\/revisions\/3688"}],"wp:featuredmedia":[{"embeddable":true,"href":"https:\/\/canserrat.org\/ca\/wp-json\/wp\/v2\/media\/3685"}],"wp:attachment":[{"href":"https:\/\/canserrat.org\/ca\/wp-json\/wp\/v2\/media?parent=3684"}],"wp:term":[{"taxonomy":"category","embeddable":true,"href":"https:\/\/canserrat.org\/ca\/wp-json\/wp\/v2\/categories?post=3684"},{"taxonomy":"post_tag","embeddable":true,"href":"https:\/\/canserrat.org\/ca\/wp-json\/wp\/v2\/tags?post=3684"}],"curies":[{"name":"wp","href":"https:\/\/api.w.org\/{rel}","templated":true}]}}