{"id":3648,"date":"2019-06-03T11:08:51","date_gmt":"2019-06-03T11:08:51","guid":{"rendered":"http:\/\/canserrat.org\/?p=3648"},"modified":"2019-07-24T14:33:22","modified_gmt":"2019-07-24T14:33:22","slug":"marcel-darienzo","status":"publish","type":"post","link":"https:\/\/canserrat.org\/ca\/marcel-darienzo","title":{"rendered":"Marcel Darienzo"},"content":{"rendered":"<img decoding=\"async\" loading=\"lazy\" class=\"size-medium wp-image-3649 aligncenter\" src=\"http:\/\/canserrat.org\/wp-content\/uploads\/2019\/06\/marcel-darienzo-244x300.jpg\" alt=\"\" width=\"244\" height=\"300\" srcset=\"https:\/\/canserrat.org\/wp-content\/uploads\/2019\/06\/marcel-darienzo-244x300.jpg 244w, https:\/\/canserrat.org\/wp-content\/uploads\/2019\/06\/marcel-darienzo-325x400.jpg 325w, https:\/\/canserrat.org\/wp-content\/uploads\/2019\/06\/marcel-darienzo.jpg 605w\" sizes=\"(max-width: 244px) 100vw, 244px\" \/><\/p>\n<p>&nbsp;<\/p>\n<p>Marcel Darienzo explora la intersecci\u00f3 entre les arts visuals, el teatre, la dansa, la performance, el v\u00eddeo i la m\u00fasica a trav\u00e9s de treballs que discuteixen l&#8217;auto representaci\u00f3. Darienzo va treballar en diferents rols, d&#8217;artista a investigador o curador, en institucions com ICA, Tenderpixel, Assembly Point, Tate Modern, Enclavament LAB, Nahmad Contemporary London, Lladre Galeria a la Ciutat de M\u00e8xic, Manifesta 11 a Zuric, Takt a Berl\u00edn, Pivo, SESC, Museu d&#8217;Art Brasiler, Revista Select i Galeria Luciana Brito a S\u00e3o Paulo.<\/p>\n<p>&nbsp;<\/p>\n<p><span style=\"color: #0000ff;\"><strong> \u00a0\/\/\/\/\u00a0<\/strong><\/span> <a href=\"http:\/\/www.marceldarienzo.com\" target=\"_blank\" rel=\"noopener noreferrer\">http:\/\/www.marceldarienzo.com<\/a>\u00a0 <strong><span style=\"color: #0000ff;\">\/\/\/\/<\/span><\/strong><\/p>\n<p>&nbsp;<\/p>\n<p>Residente en Can Serrat del 1 al 21\/07\/2019","protected":false},"excerpt":{"rendered":"<p>&nbsp; Marcel Darienzo explora la intersecci\u00f3 entre les arts visuals, el teatre, la dansa, la performance, el v\u00eddeo i la m\u00fasica a trav\u00e9s de treballs que discuteixen l&#8217;auto representaci\u00f3. Darienzo va treballar en diferents rols, d&#8217;artista a investigador o curador, &hellip; <a href=\"https:\/\/canserrat.org\/ca\/marcel-darienzo\">Continued<\/a><\/p>\n","protected":false},"author":4,"featured_media":3649,"comment_status":"closed","ping_status":"closed","sticky":false,"template":"","format":"standard","meta":{"_monsterinsights_skip_tracking":false,"_monsterinsights_sitenote_active":false,"_monsterinsights_sitenote_note":"","_monsterinsights_sitenote_category":0,"footnotes":""},"categories":[10,11],"tags":[],"_links":{"self":[{"href":"https:\/\/canserrat.org\/ca\/wp-json\/wp\/v2\/posts\/3648"}],"collection":[{"href":"https:\/\/canserrat.org\/ca\/wp-json\/wp\/v2\/posts"}],"about":[{"href":"https:\/\/canserrat.org\/ca\/wp-json\/wp\/v2\/types\/post"}],"author":[{"embeddable":true,"href":"https:\/\/canserrat.org\/ca\/wp-json\/wp\/v2\/users\/4"}],"replies":[{"embeddable":true,"href":"https:\/\/canserrat.org\/ca\/wp-json\/wp\/v2\/comments?post=3648"}],"version-history":[{"count":1,"href":"https:\/\/canserrat.org\/ca\/wp-json\/wp\/v2\/posts\/3648\/revisions"}],"predecessor-version":[{"id":3650,"href":"https:\/\/canserrat.org\/ca\/wp-json\/wp\/v2\/posts\/3648\/revisions\/3650"}],"wp:featuredmedia":[{"embeddable":true,"href":"https:\/\/canserrat.org\/ca\/wp-json\/wp\/v2\/media\/3649"}],"wp:attachment":[{"href":"https:\/\/canserrat.org\/ca\/wp-json\/wp\/v2\/media?parent=3648"}],"wp:term":[{"taxonomy":"category","embeddable":true,"href":"https:\/\/canserrat.org\/ca\/wp-json\/wp\/v2\/categories?post=3648"},{"taxonomy":"post_tag","embeddable":true,"href":"https:\/\/canserrat.org\/ca\/wp-json\/wp\/v2\/tags?post=3648"}],"curies":[{"name":"wp","href":"https:\/\/api.w.org\/{rel}","templated":true}]}}