{"id":3283,"date":"2019-03-22T12:16:43","date_gmt":"2019-03-22T12:16:43","guid":{"rendered":"http:\/\/canserrat.org\/?p=3283"},"modified":"2020-02-03T16:13:13","modified_gmt":"2020-02-03T16:13:13","slug":"tomas-browne","status":"publish","type":"post","link":"https:\/\/canserrat.org\/ca\/tomas-browne","title":{"rendered":"Tomas Browne"},"content":{"rendered":"<img decoding=\"async\" loading=\"lazy\" class=\" wp-image-3285 aligncenter\" src=\"http:\/\/canserrat.org\/wp-content\/uploads\/2019\/03\/tomas-199x300.jpg\" alt=\"\" width=\"180\" height=\"273\" \/><\/p>\n<p><span style=\"font-weight: 400;\">Tom\u00e0s Browne (Vi\u00f1a del Mar, Xile, 1982)<\/span><\/p>\n<p><span style=\"font-weight: 400;\">Vol recuperar el trauma de l&#8217;escriptor com un nen amb problemes de llenguatge i trastorn d\u2019hiperactivitat per d\u00e8ficit d&#8217;atenci\u00f3. Aquesta recerca el va portar a trobar protecci\u00f3 en la poesia i explorar nocions com ara ximpleries, escriptura asemica i transgressi\u00f3. El seu llibre Revelacions d&#8217;una Ciutadana d&#8217;Inicis (M\u00e8xic DF: Verso Destierro, 2012) va guanyar el Premi Poesia Transsgresora Llatinoamericana a 2012. En 2016 va obtenir la Beca de Creaci\u00f3 Liter\u00e0ria atorgada pel Consell Nacional de Cultura i Arts de Xile per escriure el meu llibre Definiciones (Punta Arenas: Chancacazo Publicaciones, de pr\u00f2xima publicaci\u00f3). A publicat quatre llibres de poesia: Silbar los Viajes (Barcelona: Editorial Comba, 2017), Las Semillas de Urano (Barcelona: Editorial Comba, 2014), Excursi\u00f3n a los Sucesos (Santiago de Xile: Luci\u00e9rnaga Ediciones, 2008) i Trazar con Voz (Santiago de Chile: Colecci\u00f3n Foro de Escritores, 2004). Hi ha una estreta relaci\u00f3 entre la seva poesia i el seu art visual, que fomenta l&#8217;experimentaci\u00f3 amb el llenguatge i mostra la fragilitat del m\u00f3n natural manifestada com degradaci\u00f3 ambiental. Alguns exemples s\u00f3n Fuego de C\u00e9sares (seleccionat pel Consell Nacional de Cultura i Arts de Xile per representar la Regi\u00f3 de Magallanes i Ant\u00e0rtica Xilena en una exposici\u00f3 nacional al Centre d&#8217;Arts Matucana 100), i les seves exposicions individuals Micopoiesis (Galeria Patricia Ready , Santiago de Xile, 2018) i Antropoc\u00e9ano (La Galeria, Punta Arenas, Xile, 2016).\u00a0<\/span><\/p>\n<p><span style=\"color: #0000ff;\">\/\/\/\u00a0<\/span> <a href=\"http:\/\/www.tomasbrowne.net\" target=\"_blank\" rel=\"noopener noreferrer\">www.tomasbrowne.net<\/a>\u00a0<span style=\"color: #0000ff;\"> \/\/\/<\/span><\/p>\n<p>Resident a Can Serrat del 1 &#8211; 31\/05\/2019<\/p>\n<p>&nbsp;<\/p>\n<h4><span style=\"color: #33cccc;\">Sobre el seu proc\u00e9s de treall a la resid\u00e8ncia &gt;&gt;<\/span><\/h4>\n<iframe src=\"\/\/docs.google.com\/viewer?url=http%3A%2F%2Fcanserrat.org%2Fwp-content%2Fuploads%2F2019%2F03%2FBIELTS_Tomas-Browne_3-06-2019.pdf&hl=es&embedded=true\" class=\"gde-frame\" style=\"width:100%; height:500px; border: none;\" scrolling=\"no\"><\/iframe>\n<p class=\"gde-text\"><a href=\"http:\/\/canserrat.org\/wp-content\/uploads\/2019\/03\/BIELTS_Tomas-Browne_3-06-2019.pdf\" class=\"gde-link\">Descargar (PDF, 2.24MB)<\/a><\/p>","protected":false},"excerpt":{"rendered":"<p>Tom\u00e0s Browne (Vi\u00f1a del Mar, Xile, 1982) Vol recuperar el trauma de l&#8217;escriptor com un nen amb problemes de llenguatge i trastorn d\u2019hiperactivitat per d\u00e8ficit d&#8217;atenci\u00f3. Aquesta recerca el va portar a trobar protecci\u00f3 en la poesia i explorar nocions &hellip; <a href=\"https:\/\/canserrat.org\/ca\/tomas-browne\">Continued<\/a><\/p>\n","protected":false},"author":4,"featured_media":3285,"comment_status":"closed","ping_status":"closed","sticky":false,"template":"","format":"standard","meta":{"_monsterinsights_skip_tracking":false,"_monsterinsights_sitenote_active":false,"_monsterinsights_sitenote_note":"","_monsterinsights_sitenote_category":0,"footnotes":""},"categories":[10,11],"tags":[],"_links":{"self":[{"href":"https:\/\/canserrat.org\/ca\/wp-json\/wp\/v2\/posts\/3283"}],"collection":[{"href":"https:\/\/canserrat.org\/ca\/wp-json\/wp\/v2\/posts"}],"about":[{"href":"https:\/\/canserrat.org\/ca\/wp-json\/wp\/v2\/types\/post"}],"author":[{"embeddable":true,"href":"https:\/\/canserrat.org\/ca\/wp-json\/wp\/v2\/users\/4"}],"replies":[{"embeddable":true,"href":"https:\/\/canserrat.org\/ca\/wp-json\/wp\/v2\/comments?post=3283"}],"version-history":[{"count":6,"href":"https:\/\/canserrat.org\/ca\/wp-json\/wp\/v2\/posts\/3283\/revisions"}],"predecessor-version":[{"id":4287,"href":"https:\/\/canserrat.org\/ca\/wp-json\/wp\/v2\/posts\/3283\/revisions\/4287"}],"wp:featuredmedia":[{"embeddable":true,"href":"https:\/\/canserrat.org\/ca\/wp-json\/wp\/v2\/media\/3285"}],"wp:attachment":[{"href":"https:\/\/canserrat.org\/ca\/wp-json\/wp\/v2\/media?parent=3283"}],"wp:term":[{"taxonomy":"category","embeddable":true,"href":"https:\/\/canserrat.org\/ca\/wp-json\/wp\/v2\/categories?post=3283"},{"taxonomy":"post_tag","embeddable":true,"href":"https:\/\/canserrat.org\/ca\/wp-json\/wp\/v2\/tags?post=3283"}],"curies":[{"name":"wp","href":"https:\/\/api.w.org\/{rel}","templated":true}]}}