{"id":2964,"date":"2023-09-21T12:08:44","date_gmt":"2023-09-21T12:08:44","guid":{"rendered":"http:\/\/canserrat.org\/?p=2964"},"modified":"2023-10-05T14:08:09","modified_gmt":"2023-10-05T14:08:09","slug":"jenn-randall","status":"publish","type":"post","link":"https:\/\/canserrat.org\/ca\/jenn-randall","title":{"rendered":"Jennifer Rendall"},"content":{"rendered":"<img decoding=\"async\" loading=\"lazy\" class=\" wp-image-7824 aligncenter\" src=\"http:\/\/canserrat.org\/wp-content\/uploads\/2018\/12\/IMG_5231-2-2-2-jenn-rendall.jpg\" alt=\"\" width=\"136\" height=\"329\" srcset=\"https:\/\/canserrat.org\/wp-content\/uploads\/2018\/12\/IMG_5231-2-2-2-jenn-rendall.jpg 741w, https:\/\/canserrat.org\/wp-content\/uploads\/2018\/12\/IMG_5231-2-2-2-jenn-rendall-124x300.jpg 124w, https:\/\/canserrat.org\/wp-content\/uploads\/2018\/12\/IMG_5231-2-2-2-jenn-rendall-422x1024.jpg 422w, https:\/\/canserrat.org\/wp-content\/uploads\/2018\/12\/IMG_5231-2-2-2-jenn-rendall-634x1536.jpg 634w, https:\/\/canserrat.org\/wp-content\/uploads\/2018\/12\/IMG_5231-2-2-2-jenn-rendall-330x800.jpg 330w, https:\/\/canserrat.org\/wp-content\/uploads\/2018\/12\/IMG_5231-2-2-2-jenn-rendall-165x400.jpg 165w\" sizes=\"(max-width: 136px) 100vw, 136px\" \/><\/p>\n<p>&nbsp;<\/p>\n<p>Jennifer Rendall ha investigat recentment la relaci\u00f3 entre les construccions humanes i l&#8217;entorn natural, aix\u00ed com la naturalitzaci\u00f3 d&#8217;algunes plantes aut\u00f2ctones de Nova Zelanda que creixen en regions ant\u00edpodes i viceversa.<br \/>\nLa seva pr\u00e0ctica \u00e9s diversa, ja que realitza pintures a gran escala. Alguns dels seus projectes m\u00e9s recents han consistit en la creaci\u00f3 de dissenys murals de diversa escala en zones urbanes i pintures sobre cases de reuni\u00f3 maoris\/*warenui.<\/p>\n<p>Una part important de la pr\u00e0ctica de Jennifer implica &#8220;treball de camp&#8221; o viatges a peu per a observar i documentar plantes. El temps que passa en la naturalesa, en el bosc, els rius i les muntanyes \u00e9s la seva major font d&#8217;inspiraci\u00f3.<\/p>\n<p>&nbsp;<\/p>\n<p>Jennifer fa la seva residencia a Can Serrat durant el mes de Setembre de 2023.","protected":false},"excerpt":{"rendered":"<p>&nbsp; Jennifer Rendall ha investigat recentment la relaci\u00f3 entre les construccions humanes i l&#8217;entorn natural, aix\u00ed com la naturalitzaci\u00f3 d&#8217;algunes plantes aut\u00f2ctones de Nova Zelanda que creixen en regions ant\u00edpodes i viceversa. La seva pr\u00e0ctica \u00e9s diversa, ja que realitza &hellip; <a href=\"https:\/\/canserrat.org\/ca\/jenn-randall\">Continued<\/a><\/p>\n","protected":false},"author":7,"featured_media":7824,"comment_status":"closed","ping_status":"closed","sticky":false,"template":"","format":"standard","meta":{"_monsterinsights_skip_tracking":false,"_monsterinsights_sitenote_active":false,"_monsterinsights_sitenote_note":"","_monsterinsights_sitenote_category":0,"footnotes":""},"categories":[22,10,11],"tags":[],"_links":{"self":[{"href":"https:\/\/canserrat.org\/ca\/wp-json\/wp\/v2\/posts\/2964"}],"collection":[{"href":"https:\/\/canserrat.org\/ca\/wp-json\/wp\/v2\/posts"}],"about":[{"href":"https:\/\/canserrat.org\/ca\/wp-json\/wp\/v2\/types\/post"}],"author":[{"embeddable":true,"href":"https:\/\/canserrat.org\/ca\/wp-json\/wp\/v2\/users\/7"}],"replies":[{"embeddable":true,"href":"https:\/\/canserrat.org\/ca\/wp-json\/wp\/v2\/comments?post=2964"}],"version-history":[{"count":5,"href":"https:\/\/canserrat.org\/ca\/wp-json\/wp\/v2\/posts\/2964\/revisions"}],"predecessor-version":[{"id":7842,"href":"https:\/\/canserrat.org\/ca\/wp-json\/wp\/v2\/posts\/2964\/revisions\/7842"}],"wp:featuredmedia":[{"embeddable":true,"href":"https:\/\/canserrat.org\/ca\/wp-json\/wp\/v2\/media\/7824"}],"wp:attachment":[{"href":"https:\/\/canserrat.org\/ca\/wp-json\/wp\/v2\/media?parent=2964"}],"wp:term":[{"taxonomy":"category","embeddable":true,"href":"https:\/\/canserrat.org\/ca\/wp-json\/wp\/v2\/categories?post=2964"},{"taxonomy":"post_tag","embeddable":true,"href":"https:\/\/canserrat.org\/ca\/wp-json\/wp\/v2\/tags?post=2964"}],"curies":[{"name":"wp","href":"https:\/\/api.w.org\/{rel}","templated":true}]}}