{"id":1325,"date":"2017-05-29T15:08:27","date_gmt":"2017-05-29T15:08:27","guid":{"rendered":"http:\/\/canserrat.org\/?p=1325"},"modified":"2019-10-29T12:26:54","modified_gmt":"2019-10-29T12:26:54","slug":"daniela-bojorquez-vertiz","status":"publish","type":"post","link":"https:\/\/canserrat.org\/ca\/daniela-bojorquez-vertiz","title":{"rendered":"Daniela Boj\u00f3rquez V\u00e9rtiz"},"content":{"rendered":"<span style=\"font-weight: 400;\"><img decoding=\"async\" loading=\"lazy\" class=\"size-medium wp-image-1326 aligncenter\" src=\"http:\/\/canserrat.org\/wp-content\/uploads\/2017\/05\/Photo_Daniela-Bojorque-225x300.jpg\" alt=\"\" width=\"225\" height=\"300\" srcset=\"https:\/\/canserrat.org\/wp-content\/uploads\/2017\/05\/Photo_Daniela-Bojorque-225x300.jpg 225w, https:\/\/canserrat.org\/wp-content\/uploads\/2017\/05\/Photo_Daniela-Bojorque-768x1024.jpg 768w, https:\/\/canserrat.org\/wp-content\/uploads\/2017\/05\/Photo_Daniela-Bojorque.jpg 992w\" sizes=\"(max-width: 225px) 100vw, 225px\" \/><\/span><\/p>\n<p>&nbsp;<\/p>\n<p><span style=\"font-weight: 400;\">Daniela<\/span><span style=\"font-weight: 400;\"> Boj\u00f3rquez V\u00e9rtiz va presentar la seva primera exposici\u00f3, Daniela VS la Realitat, l&#8217;any 2002 a M\u00e8xic. Daniela est\u00e0 interessada en la relaci\u00f3 entre les imatges fotogr\u00e0fiques i l&#8217;objecte que representen, i en la seva relaci\u00f3 amb les paraules. Li interessen les possibilitats de la fotografia com a mitj\u00e0. Treballa a trav\u00e9s de fotografia, text, llibres, v\u00eddeo i altres mitjans. Va formar part del Programa Educatiu SOMA M\u00e8xic de 2014 a 2016. Va estudiar el programa complet a l&#8217;Escola Activa de Fotografia i en la Societat General d&#8217;Escriptors de M\u00e8xic SOGEM.<\/span><span style=\"font-weight: 400;\"><br \/>\n<\/span><span style=\"font-weight: 400;\"><br \/>\n<\/span><span style=\"font-weight: 400;\">Va rebre el Primer Premi en la 8va. Biennal d&#8217;Arts Visuals Pobla dels \u00c0ngels M\u00e8xic, el 2011, i la Beca Joves Creadors del FONCA en 2005 i 2012. El 2015 va publicar \u00d2ptica sangu\u00ednia (Gandula Edicions, M\u00e8xic), llibre h\u00edbrid de fotografia i text. El seu treball s&#8217;ha exposat a M\u00e8xic, It\u00e0lia, Alemanya i Equador.<\/span><\/p>\n<p><a href=\"http:\/\/danielabojorquezvertiz.info\" target=\"_blank\" rel=\"noopener noreferrer\">danielabojorquezvertiz.info<\/a><\/p>\n<p>&nbsp;<\/p>\n<h4><span style=\"color: #33cccc;\">Sobre el seu proc\u00e9s de treball a la resid\u00e8ncia &gt;&gt;&gt;<\/span><\/h4>\n<iframe src=\"\/\/docs.google.com\/viewer?url=http%3A%2F%2Fcanserrat.org%2Fwp-content%2Fuploads%2F2017%2F05%2FCheckpoint_DanielaBojorquezVertiz_Dec18.pdf&hl=es&embedded=true\" class=\"gde-frame\" style=\"width:100%; height:500px; border: none;\" scrolling=\"no\"><\/iframe>\n<p class=\"gde-text\"><a href=\"http:\/\/canserrat.org\/wp-content\/uploads\/2017\/05\/Checkpoint_DanielaBojorquezVertiz_Dec18.pdf\" class=\"gde-link\">Descargar (PDF, 366KB)<\/a><\/p>","protected":false},"excerpt":{"rendered":"<p>&nbsp; Daniela Boj\u00f3rquez V\u00e9rtiz va presentar la seva primera exposici\u00f3, Daniela VS la Realitat, l&#8217;any 2002 a M\u00e8xic. Daniela est\u00e0 interessada en la relaci\u00f3 entre les imatges fotogr\u00e0fiques i l&#8217;objecte que representen, i en la seva relaci\u00f3 amb les paraules. &hellip; <a href=\"https:\/\/canserrat.org\/ca\/daniela-bojorquez-vertiz\">Continued<\/a><\/p>\n","protected":false},"author":3,"featured_media":1326,"comment_status":"closed","ping_status":"closed","sticky":false,"template":"","format":"standard","meta":{"_monsterinsights_skip_tracking":false,"_monsterinsights_sitenote_active":false,"_monsterinsights_sitenote_note":"","_monsterinsights_sitenote_category":0,"footnotes":""},"categories":[10,11],"tags":[],"_links":{"self":[{"href":"https:\/\/canserrat.org\/ca\/wp-json\/wp\/v2\/posts\/1325"}],"collection":[{"href":"https:\/\/canserrat.org\/ca\/wp-json\/wp\/v2\/posts"}],"about":[{"href":"https:\/\/canserrat.org\/ca\/wp-json\/wp\/v2\/types\/post"}],"author":[{"embeddable":true,"href":"https:\/\/canserrat.org\/ca\/wp-json\/wp\/v2\/users\/3"}],"replies":[{"embeddable":true,"href":"https:\/\/canserrat.org\/ca\/wp-json\/wp\/v2\/comments?post=1325"}],"version-history":[{"count":2,"href":"https:\/\/canserrat.org\/ca\/wp-json\/wp\/v2\/posts\/1325\/revisions"}],"predecessor-version":[{"id":4190,"href":"https:\/\/canserrat.org\/ca\/wp-json\/wp\/v2\/posts\/1325\/revisions\/4190"}],"wp:featuredmedia":[{"embeddable":true,"href":"https:\/\/canserrat.org\/ca\/wp-json\/wp\/v2\/media\/1326"}],"wp:attachment":[{"href":"https:\/\/canserrat.org\/ca\/wp-json\/wp\/v2\/media?parent=1325"}],"wp:term":[{"taxonomy":"category","embeddable":true,"href":"https:\/\/canserrat.org\/ca\/wp-json\/wp\/v2\/categories?post=1325"},{"taxonomy":"post_tag","embeddable":true,"href":"https:\/\/canserrat.org\/ca\/wp-json\/wp\/v2\/tags?post=1325"}],"curies":[{"name":"wp","href":"https:\/\/api.w.org\/{rel}","templated":true}]}}