{"id":1322,"date":"2017-05-29T14:56:19","date_gmt":"2017-05-29T14:56:19","guid":{"rendered":"http:\/\/canserrat.org\/?p=1322"},"modified":"2019-10-29T12:22:50","modified_gmt":"2019-10-29T12:22:50","slug":"claudia-den-boer","status":"publish","type":"post","link":"https:\/\/canserrat.org\/ca\/claudia-den-boer","title":{"rendered":"Claudia den Boer"},"content":{"rendered":"<span style=\"font-weight: 400;\"><img decoding=\"async\" loading=\"lazy\" class=\"size-medium wp-image-1323 aligncenter\" src=\"http:\/\/canserrat.org\/wp-content\/uploads\/2017\/05\/ClaudiadenBoer_2015_web-300x300.jpeg\" alt=\"\" width=\"300\" height=\"300\" srcset=\"https:\/\/canserrat.org\/wp-content\/uploads\/2017\/05\/ClaudiadenBoer_2015_web-300x300.jpeg 300w, https:\/\/canserrat.org\/wp-content\/uploads\/2017\/05\/ClaudiadenBoer_2015_web-150x150.jpeg 150w, https:\/\/canserrat.org\/wp-content\/uploads\/2017\/05\/ClaudiadenBoer_2015_web.jpeg 320w\" sizes=\"(max-width: 300px) 100vw, 300px\" \/><\/span><\/p>\n<p>&nbsp;<\/p>\n<p>La fot\u00f2grafa Claudia den Boer (1979) viu i treballa a Tilburg, Holanda. Va estudiar arts visuals i fotografia a l&#8217;acad\u00e8mia d&#8217;art AKV St.Joost a Breda i va obtenir un m\u00e1ster addicional a l&#8217;acad\u00e8mia d&#8217;art ABV a Tilburg. La seva obra es deriva d&#8217;una fascinaci\u00f3 pel concepte de lloc i principalment es mou entre els paisatges i el m\u00f3n habitat. La seva obra ha estat exposada en museus com el museu de Breda, el museu de fotografia a l&#8217;Haia i el GEM de l&#8217;Haia. El 2012 va comen\u00e7ar a investigar el tema del silenci a trav\u00e9s de la seva fotografia, i al mateix temps es va fascinar pel desert. Anchors \u00e9s el seu projecte personal m\u00e9s recent ia llarg termini. S&#8217;ha convertit en un llibre fotogr\u00e0fic en col\u00b7laboraci\u00f3 amb el dissenyador Rob van Hoesel i publicat per The Eriskay Connection a la tardor de 2016. El llibre ha estat presentat en dues ocasions a Breda Photo 2016, tamb\u00e9 a Paris Photo 2016 i ser\u00e0 part de Festival de fotos Naarden 2017.<\/p>\n<p>A la Cl\u00e0udia li agrada col\u00b7laborar en projectes multidisciplinars on s&#8217;aborda un tema des de diversos punts de vista. En el passat va treballar juntament amb la signatura d&#8217;arquitectes Ontwerplab en el projecte d&#8217;investigaci\u00f3 i publicaci\u00f3 Verborgen Stad (ciutat oculta), on la cartografia i la fotografia es van utilitzar com a eines d&#8217;investigaci\u00f3. M\u00e9s recentment va comen\u00e7ar a col\u00b7laborar amb la core\u00f2grafa Katja Gr\u00e4ssli (NL \/ CH) en un projecte a llarg termini que implica l&#8217;exploraci\u00f3 del tema del silenci fent una pe\u00e7a de ball, que \u00e9s un encreuament entre la dansa, el llenguatge de senyals i la fotografia . Claudia treballa com a comiss\u00e0ria, treballa com a guia freelance a Van Abbemuseum Eindhoven (art modern i contemporani) i \u00e9s professora de fotografia a SintLucas Boxtel i Eindhoven (escola de professions creatives).<\/p>\n<p><a href=\"http:\/\/www.claudiadenboer.nl\" target=\"_blank\" rel=\"noopener noreferrer\">www.claudiadenboer.nl<\/a><\/p>\n<p><a href=\"http:\/\/www.eriskayconnection.com\/en\/home\/58-anchors.html\" target=\"_blank\" rel=\"noopener noreferrer\">www.eriskayconnection.com\/en\/home\/58-anchors.html<\/a><\/p>\n<p>&nbsp;<\/p>\n<h4><span style=\"color: #33cccc;\">Sobre el seu proc\u00e9s de treball a la resid\u00e8ncia &gt;&gt;&gt;<\/span><\/h4>\n<iframe src=\"\/\/docs.google.com\/viewer?url=http%3A%2F%2Fcanserrat.org%2Fwp-content%2Fuploads%2F2017%2F05%2FCheckpoint_ClaudiadenBoer_20170605-20170716.pdf&hl=es&embedded=true\" class=\"gde-frame\" style=\"width:100%; height:500px; border: none;\" scrolling=\"no\"><\/iframe>\n<p class=\"gde-text\"><a href=\"http:\/\/canserrat.org\/wp-content\/uploads\/2017\/05\/Checkpoint_ClaudiadenBoer_20170605-20170716.pdf\" class=\"gde-link\">Descargar (PDF, 121KB)<\/a><\/p>","protected":false},"excerpt":{"rendered":"<p>&nbsp; La fot\u00f2grafa Claudia den Boer (1979) viu i treballa a Tilburg, Holanda. Va estudiar arts visuals i fotografia a l&#8217;acad\u00e8mia d&#8217;art AKV St.Joost a Breda i va obtenir un m\u00e1ster addicional a l&#8217;acad\u00e8mia d&#8217;art ABV a Tilburg. La seva &hellip; <a href=\"https:\/\/canserrat.org\/ca\/claudia-den-boer\">Continued<\/a><\/p>\n","protected":false},"author":3,"featured_media":1323,"comment_status":"closed","ping_status":"closed","sticky":false,"template":"","format":"standard","meta":{"_monsterinsights_skip_tracking":false,"_monsterinsights_sitenote_active":false,"_monsterinsights_sitenote_note":"","_monsterinsights_sitenote_category":0,"footnotes":""},"categories":[10,11],"tags":[],"_links":{"self":[{"href":"https:\/\/canserrat.org\/ca\/wp-json\/wp\/v2\/posts\/1322"}],"collection":[{"href":"https:\/\/canserrat.org\/ca\/wp-json\/wp\/v2\/posts"}],"about":[{"href":"https:\/\/canserrat.org\/ca\/wp-json\/wp\/v2\/types\/post"}],"author":[{"embeddable":true,"href":"https:\/\/canserrat.org\/ca\/wp-json\/wp\/v2\/users\/3"}],"replies":[{"embeddable":true,"href":"https:\/\/canserrat.org\/ca\/wp-json\/wp\/v2\/comments?post=1322"}],"version-history":[{"count":4,"href":"https:\/\/canserrat.org\/ca\/wp-json\/wp\/v2\/posts\/1322\/revisions"}],"predecessor-version":[{"id":4188,"href":"https:\/\/canserrat.org\/ca\/wp-json\/wp\/v2\/posts\/1322\/revisions\/4188"}],"wp:featuredmedia":[{"embeddable":true,"href":"https:\/\/canserrat.org\/ca\/wp-json\/wp\/v2\/media\/1323"}],"wp:attachment":[{"href":"https:\/\/canserrat.org\/ca\/wp-json\/wp\/v2\/media?parent=1322"}],"wp:term":[{"taxonomy":"category","embeddable":true,"href":"https:\/\/canserrat.org\/ca\/wp-json\/wp\/v2\/categories?post=1322"},{"taxonomy":"post_tag","embeddable":true,"href":"https:\/\/canserrat.org\/ca\/wp-json\/wp\/v2\/tags?post=1322"}],"curies":[{"name":"wp","href":"https:\/\/api.w.org\/{rel}","templated":true}]}}