{"id":9988,"date":"2026-07-17T15:15:56","date_gmt":"2026-07-17T15:15:56","guid":{"rendered":"https:\/\/canserrat.org\/?p=9988"},"modified":"2026-09-01T07:44:44","modified_gmt":"2026-09-01T07:44:44","slug":"writers-residency-open-call-2027","status":"publish","type":"post","link":"http:\/\/canserrat.org\/es\/writers-residency-open-call-2027","title":{"rendered":"CONVOCATORIA ABIERTA VERANO &#8211; OTO\u00d1O 2027_ESCRITURA"},"content":{"rendered":"<h3 style=\"text-align: center;\"><strong>VERANO &#8211; OTO\u00d1O 2027<\/strong><\/h3>\n<h3 style=\"text-align: center;\"><strong>CONVOCATORIA ABIERTA<\/strong><\/h3>\n<h3 style=\"text-align: center;\"><strong>para ESCRITURA en CAN SERRAT<\/strong><\/h3>\n<p>&nbsp;<\/p>\n<p>Can Serrat abre una nueva convocatoria de residencia dirigida a artistas visuales y multidisciplinares de todas las trayectorias y nacionalidades. Las residencias tendr\u00e1n lugar durante el verano y el oto\u00f1o de 2027 en El Bruc, a los pies de Montserrat y a 45 km de Barcelona.<\/p>\n<p>Desde 1989, Can Serrat acoge uno de los programas internacionales de residencias para proyectos art\u00edsticos y literarios con m\u00e1s trayectoria de Catalu\u00f1a.<\/p>\n<p>El programa se concentra en el acompa\u00f1amiento y asesoramiento al proceso creativo a trav\u00e9s de encuentros individuales y colectivos, adem\u00e1s de conexiones dentro de una extensa red cultural profesional. La casa puede acoger hasta 35 personas, provenientes de pa\u00edses y disciplinas diversas, lo que permite una cantidad de intercambios enriquecedores.<\/p>\n<p>Can Serrat recibe el soporte de la Generalitat de Catalu\u00f1a, es miembro de la Xarxaprod, red de centros de producci\u00f3n art\u00edstica en Catalunya, y de la TAV-CC.<\/p>\n<p>&nbsp;<\/p>\n<p>Criterios de Selecci\u00f3n:<\/p>\n<p>La selecci\u00f3n no se basa en una f\u00f3rmula ni en una puntuaci\u00f3n autom\u00e1tica. El juicio art\u00edstico implica necesariamente una dimensi\u00f3n subjetiva y situada. Los criterios funcionan como herramientas de lectura, no como una lista de requisitos que los proyectos deban cumplir.<\/p>\n<p>Gusto<br \/>\nEl jurado revisa los proyectos a trav\u00e9s de su criterio est\u00e9tico singular, valorando su forma, sus decisiones y su construcci\u00f3n.<\/p>\n<p>Desplazamiento<br \/>\nEl jurado atiende a la diferencia que un proyecto produce, tanto dentro del propio trabajo del artista\/escritor como en relaci\u00f3n con otras pr\u00e1cticas art\u00edsticas y literarias.<\/p>\n<p>&nbsp;<\/p>\n<h4><strong>Becas y fechas importantes<\/strong><\/h4>\n<p><b>Fechas de Residencia:<\/b> 2 de agosto &#8211; 12 de diciembre de 2027<\/p>\n<p><b>Plazo para enviar solicitud:\u00a0 <\/b>1 al 23 de septiembre 2026<\/p>\n<p><b>Invitaciones:<\/b><\/p>\n<ul>\n<li style=\"list-style-type: none;\">\n<ul>\n<li>Beca completa de dos meses<\/li>\n<li>Beca completa de un mes<\/li>\n<li>30 Becas Parciales<\/li>\n<\/ul>\n<\/li>\n<\/ul>\n<p>&nbsp;<\/p>\n<h4><b>Beneficios para todas las personas seleccionadas en residencia:<\/b><\/h4>\n<ul>\n<li data-start=\"67\" data-end=\"257\">Acceso completo a todos los espacios compartidos: salas de escritura, espacios de ensayo, sala con proyector y taller colectivo equipado con herramientas de cer\u00e1mica y un torno de grabado.<\/li>\n<li data-start=\"259\" data-end=\"451\">Participaci\u00f3n en actividades: reuni\u00f3n de orientaci\u00f3n, presentaci\u00f3n mensual del trabajo de las y los artistas al resto de residentes y actividades destinadas a estimular los procesos creativos.<\/li>\n<li data-start=\"453\" data-end=\"534\">\u00a0Abono mensual ilimitado al transporte p\u00fablico.<\/li>\n<li data-start=\"536\" data-end=\"629\">Visibilidad del proyecto y del proceso a trav\u00e9s de los canales de comunicaci\u00f3n de Can Serrat.<\/li>\n<li data-start=\"631\" data-end=\"678\">Publicaci\u00f3n en el archivo digital de proyectos.<\/li>\n<\/ul>\n<p data-start=\"680\" data-end=\"758\">*Can Serrat se reserva el derecho de seleccionar y comisariar las actividades.<\/p>\n<p data-start=\"760\" data-end=\"887\">Cada per\u00edodo de residencia es diferente, por lo que las actividades y oportunidades disponibles pueden variar de un mes a otro.<\/p>\n<p class=\"\" data-start=\"889\" data-end=\"1160\">Algunas actividades est\u00e1n abiertas a todas las personas residentes, mientras que otras tienen plazas limitadas. En estos casos, la participaci\u00f3n ser\u00e1 determinada por el equipo de Can Serrat en funci\u00f3n de la actividad, las personas invitadas y los proyectos en residencia.<\/p>\n<p>&nbsp;<\/p>\n<p><strong>CONDICIONES ESPEC\u00cdFICAS DE LAS BECAS:<\/strong><\/p>\n<p style=\"padding-left: 40px;\"><strong>Beca completa de dos meses:<\/strong><br \/>\n\u25cf Alojamiento en Can Serrat (habitaci\u00f3n privada en agosto-septiembre de 2027).<br \/>\n\u25cf Comida: 2 cenas comunitarias preparadas semanales, alimentos b\u00e1sicos (caf\u00e9,t\u00e9, condimentos y algunos alimentos secos seg\u00fan disponibilidad).<\/p>\n<p>&nbsp;<\/p>\n<p style=\"padding-left: 40px;\"><strong>Beca completa de un mes:<\/strong><br \/>\n\u25cf Alojamiento en Can Serrat (habitaci\u00f3n privada en octubre de 2027).<br \/>\n\u25cf Comida: 2 cenas comunitarias preparadas semanales, alimentos b\u00e1sicos (caf\u00e9,t\u00e9, condimentos y algunos alimentos secos seg\u00fan disponibilidad).<\/p>\n<p>&nbsp;<\/p>\n<p style=\"padding-left: 40px;\"><strong>Beca Parcial:<\/strong><br \/>\nDuraci\u00f3n m\u00ednima de la resid\u00e8ncia: un mes<br \/>\n\u25cf Opci\u00f3n 1 Habitaci\u00f3n compartida: 1130 \u20ac\/mes (compartida con un m\u00e1ximo de 3 personas por habitaci\u00f3n)<br \/>\n\u25cf Opci\u00f3n 2 Habitaci\u00f3n privada: 1745 \u20ac\/mes<br \/>\n\u25cf Opci\u00f3n 3 Solo estudio (no incluye alojamiento ni comida): 305 \u20ac\/mes<br \/>\n*Las opciones 1 y 2 incluyen 2 cenas comunitarias preparadas, alimentos b\u00e1sicos (caf\u00e9,t\u00e9, condimentos y algunos alimentos secos seg\u00fan disponibilidad)<\/p>\n<p>&nbsp;<\/p>\n<h4><b>JURADO:<\/b><\/h4>\n<ul>\n<li data-start=\"88\" data-end=\"126\">Karen Byk (Buenos Aires, 1993) es Lic. en Historia (UTDT) y M\u00e1ster en Comunicaci\u00f3n Social y Econ\u00f3mica (UdK). Ha publicado los poemarios Hice una fiesta y ahora quiero echarlos (Valpara\u00edso Ediciones, 2024) y Tocarle los huesos al bosque (Siesta Verlag, 2022), adem\u00e1s de fanzines y apariciones en antolog\u00edas y revistas literarias con traducciones al ingl\u00e9s y el alem\u00e1n. Como traductora ha publicado Flores de Vidrio (Milena Caserola, 2024), poemas de Debora Vogel, y ha recibido la beca completa de la Residencia Can Serrat para completar en 2025 su traducci\u00f3n del libro A Responsibility to Awe, poemas de Rebecca Elson.<\/li>\n<\/ul>\n<ul>\n<li data-start=\"975\" data-end=\"992\">Sophie Blais, directora de Can Serrat<\/li>\n<\/ul>\n<ul>\n<li>Sarah Goodchild Robb, responsable del acompa\u00f1amiento en residencia Can Serrat<\/li>\n<\/ul>\n<p>&nbsp;<\/p>\n<h4><b>C\u00d3MO APLICAR?<\/b><\/h4>\n<p><b>Consejos al enviar tu solicitud:<\/b><\/p>\n<ul>\n<li aria-level=\"1\">Utiliza frases simples y claras para explicar tu propuesta.<\/li>\n<li aria-level=\"1\">Cuidado con los discursos automatizados y el uso de los -ismos.<\/li>\n<li aria-level=\"1\">Aunque la naturaleza y la ruralidad son temas relevantes para la residencia, es importante tener en cuenta que Can Serrat ya tiene una relaci\u00f3n consolidada con estos contextos. Por eso, nos interesa especialmente entender qu\u00e9 perspectiva nueva u original aporta su propuesta en relaci\u00f3n\u00a0a\u00a0estos\u00a0temas.<\/li>\n<li aria-level=\"1\">Investiga sobre Can Serrat y sus alrededores para contextualizar mejor tu proyecto.<\/li>\n<\/ul>\n<p>&nbsp;<\/p>\n<p><b>Procedimiento de solicitud y documentos necesarios<\/b><\/p>\n<ul>\n<li aria-level=\"1\">Rellenar el<a href=\"https:\/\/forms.gle\/TkNsHb6W9mmTWFj98\" target=\"_blank\" rel=\"noopener\">\u00a0<span style=\"color: #0000ff;\"><b>FORMULARIO<\/b><\/span><\/a>\u00a0con tus datos.<\/li>\n<li aria-level=\"1\">Tambi\u00e9n se le pedir\u00e1 un archivo .PDF titulado: \u201capellido_nombre_Escritura_SA2027Call\u201d.<\/li>\n<\/ul>\n<p>Este documento debe incluir:<\/p>\n<ul>\n<li>Un video* (3 min m\u00e1x.) o unos fragmentos de texto* para presentar y hablar de tu obra y pr\u00e1ctica.<\/li>\n<li>Enlace a p\u00e1gina web (si procede)<\/li>\n<\/ul>\n<p>La solicitud puede estar en catal\u00e1n, espa\u00f1ol o ingl\u00e9s. No podemos aceptar otros idiomas en este momento.<\/p>\n<p>&nbsp;<\/p>\n<p>Te animamos a revisar el Handbook de 2027, para que puedas saber m\u00e1s de la residencia_ <iframe src=\"\/\/docs.google.com\/viewer?url=http%3A%2F%2Fcanserrat.org%2Fwp-content%2Fuploads%2F2026%2F07%2FHandbook_ESP_-2027.pdf&hl=es&embedded=true\" class=\"gde-frame\" style=\"width:100%; height:500px; border: none;\" scrolling=\"no\"><\/iframe>\n<p class=\"gde-text\"><a href=\"http:\/\/canserrat.org\/wp-content\/uploads\/2026\/07\/Handbook_ESP_-2027.pdf\" class=\"gde-link\">Descargar (PDF, 1.9MB)<\/a><\/p>\n<p>&nbsp;<\/p>\n<hr \/>\n<p class=\"isSelectedEnd\">Desde Can Serrat queremos acompa\u00f1ar y reconocer algunos de los procesos desarrollados durante las residencias de 2027, ofreciendo una Beca Producci\u00f3n y Becas Retorns para dar continuidad al trabajo iniciado en residencia.<\/p>\n<p class=\"isSelectedEnd\">Becas Retorns \u2014 Artes Visuales y Escritura<br \/>\nBeca de regreso a Can Serrat para realizar una residencia adicional de un mes durante el a\u00f1o siguiente.<\/p>\n<p class=\"isSelectedEnd\">Otorgadas en diciembre de 2027 entre las personas residentes de Primavera, Verano y Oto\u00f1o. La selecci\u00f3n ser\u00e1 realizada por el equipo de Can Serrat en di\u00e1logo con la profesional invitada a desarrollar las visitas de estudio.<\/p>\n<p>*Sujetas a la obtenci\u00f3n de una subvenci\u00f3n p\u00fablica.","protected":false},"excerpt":{"rendered":"<p>VERANO &#8211; OTO\u00d1O 2027 CONVOCATORIA ABIERTA para ESCRITURA en CAN SERRAT &nbsp; Can Serrat abre una nueva convocatoria de residencia dirigida a artistas visuales y multidisciplinares de todas las trayectorias y nacionalidades. Las residencias tendr\u00e1n lugar durante el verano y &hellip; <a href=\"http:\/\/canserrat.org\/es\/writers-residency-open-call-2027\">Continuar<\/a><\/p>\n","protected":false},"author":4,"featured_media":10031,"comment_status":"closed","ping_status":"closed","sticky":false,"template":"","format":"standard","meta":{"_monsterinsights_skip_tracking":false,"footnotes":""},"categories":[22,71],"tags":[],"_links":{"self":[{"href":"http:\/\/canserrat.org\/es\/wp-json\/wp\/v2\/posts\/9988"}],"collection":[{"href":"http:\/\/canserrat.org\/es\/wp-json\/wp\/v2\/posts"}],"about":[{"href":"http:\/\/canserrat.org\/es\/wp-json\/wp\/v2\/types\/post"}],"author":[{"embeddable":true,"href":"http:\/\/canserrat.org\/es\/wp-json\/wp\/v2\/users\/4"}],"replies":[{"embeddable":true,"href":"http:\/\/canserrat.org\/es\/wp-json\/wp\/v2\/comments?post=9988"}],"version-history":[{"count":26,"href":"http:\/\/canserrat.org\/es\/wp-json\/wp\/v2\/posts\/9988\/revisions"}],"predecessor-version":[{"id":10043,"href":"http:\/\/canserrat.org\/es\/wp-json\/wp\/v2\/posts\/9988\/revisions\/10043"}],"wp:featuredmedia":[{"embeddable":true,"href":"http:\/\/canserrat.org\/es\/wp-json\/wp\/v2\/media\/10031"}],"wp:attachment":[{"href":"http:\/\/canserrat.org\/es\/wp-json\/wp\/v2\/media?parent=9988"}],"wp:term":[{"taxonomy":"category","embeddable":true,"href":"http:\/\/canserrat.org\/es\/wp-json\/wp\/v2\/categories?post=9988"},{"taxonomy":"post_tag","embeddable":true,"href":"http:\/\/canserrat.org\/es\/wp-json\/wp\/v2\/tags?post=9988"}],"curies":[{"name":"wp","href":"https:\/\/api.w.org\/{rel}","templated":true}]}}