{"id":926,"date":"2016-11-02T11:17:23","date_gmt":"2016-11-02T11:17:23","guid":{"rendered":"http:\/\/canserrat.org\/?p=926"},"modified":"2019-10-23T08:36:44","modified_gmt":"2019-10-23T08:36:44","slug":"erna-skuladottir","status":"publish","type":"post","link":"http:\/\/canserrat.org\/es\/erna-skuladottir","title":{"rendered":"Erna Sk\u00falad\u00f3ttir"},"content":{"rendered":"<i><img decoding=\"async\" loading=\"lazy\" class=\"size-medium wp-image-927 aligncenter\" src=\"http:\/\/canserrat.org\/wp-content\/uploads\/2016\/11\/Skuladottir_Circulation-300x200.jpg\" alt=\"\" width=\"300\" height=\"200\" srcset=\"http:\/\/canserrat.org\/wp-content\/uploads\/2016\/11\/Skuladottir_Circulation-300x200.jpg 300w, http:\/\/canserrat.org\/wp-content\/uploads\/2016\/11\/Skuladottir_Circulation-1024x683.jpg 1024w, http:\/\/canserrat.org\/wp-content\/uploads\/2016\/11\/Skuladottir_Circulation.jpg 1234w\" sizes=\"(max-width: 300px) 100vw, 300px\" \/><\/i><\/p>\n<p>&nbsp;<\/p>\n<p>Erna E Sk\u00falad\u00f3ttir es una artista Islandesa que trabaja entre Noruega y Islandia. Esta licenciada y comple\u00f3 su m\u00e1ster en artes pl\u00e1sticas en <em>Kunst og-designh\u00f8gskolen<\/em> i Bergen. Toma parte del proyecto <i>Topographies\u00a0<i>of the Oblolete<\/i><\/i> en colaboraci\u00f3n con la artista Karin Blomgren. Su trabajo ha sido expuesto en <em>Galleri F15<\/em>, <em>Visningsrommet USF, KRAFT, Bergen Kunsthall, Hafnarborg <\/em>y<em> British Ceramics Biennial.<\/em><\/p>\n<p>Durante mi estancia en Can Serrat estoy trabajando espec\u00edficamente en proyecto <em>&#8220;Landscapes of Transformation : Illusion of Stability&#8221;\u00a0<\/em>basado en la cer\u00e1mica y geolog\u00eda donde investigo medios de transformaci\u00f3n y fluidez de materia prima. \u00a0<i><i>\u00a0<\/i>\u00a0<\/i><\/p>\n<p>&nbsp;","protected":false},"excerpt":{"rendered":"<p>&nbsp; Erna E Sk\u00falad\u00f3ttir es una artista Islandesa que trabaja entre Noruega y Islandia. Esta licenciada y comple\u00f3 su m\u00e1ster en artes pl\u00e1sticas en Kunst og-designh\u00f8gskolen i Bergen. Toma parte del proyecto Topographies\u00a0of the Oblolete en colaboraci\u00f3n con la artista &hellip; <a href=\"http:\/\/canserrat.org\/es\/erna-skuladottir\">Continuar<\/a><\/p>\n","protected":false},"author":3,"featured_media":927,"comment_status":"open","ping_status":"open","sticky":false,"template":"","format":"standard","meta":{"_monsterinsights_skip_tracking":false,"_monsterinsights_sitenote_active":false,"_monsterinsights_sitenote_note":"","_monsterinsights_sitenote_category":0,"footnotes":""},"categories":[10,11],"tags":[],"_links":{"self":[{"href":"http:\/\/canserrat.org\/es\/wp-json\/wp\/v2\/posts\/926"}],"collection":[{"href":"http:\/\/canserrat.org\/es\/wp-json\/wp\/v2\/posts"}],"about":[{"href":"http:\/\/canserrat.org\/es\/wp-json\/wp\/v2\/types\/post"}],"author":[{"embeddable":true,"href":"http:\/\/canserrat.org\/es\/wp-json\/wp\/v2\/users\/3"}],"replies":[{"embeddable":true,"href":"http:\/\/canserrat.org\/es\/wp-json\/wp\/v2\/comments?post=926"}],"version-history":[{"count":2,"href":"http:\/\/canserrat.org\/es\/wp-json\/wp\/v2\/posts\/926\/revisions"}],"predecessor-version":[{"id":4125,"href":"http:\/\/canserrat.org\/es\/wp-json\/wp\/v2\/posts\/926\/revisions\/4125"}],"wp:featuredmedia":[{"embeddable":true,"href":"http:\/\/canserrat.org\/es\/wp-json\/wp\/v2\/media\/927"}],"wp:attachment":[{"href":"http:\/\/canserrat.org\/es\/wp-json\/wp\/v2\/media?parent=926"}],"wp:term":[{"taxonomy":"category","embeddable":true,"href":"http:\/\/canserrat.org\/es\/wp-json\/wp\/v2\/categories?post=926"},{"taxonomy":"post_tag","embeddable":true,"href":"http:\/\/canserrat.org\/es\/wp-json\/wp\/v2\/tags?post=926"}],"curies":[{"name":"wp","href":"https:\/\/api.w.org\/{rel}","templated":true}]}}