{"id":8313,"date":"2024-08-08T10:14:11","date_gmt":"2024-08-08T10:14:11","guid":{"rendered":"https:\/\/canserrat.org\/?p=8313"},"modified":"2024-10-07T09:16:55","modified_gmt":"2024-10-07T09:16:55","slug":"maria-belen-canas","status":"publish","type":"post","link":"http:\/\/canserrat.org\/es\/maria-belen-canas","title":{"rendered":"Mar\u00eda Bel\u00e9n Ca\u00f1as"},"content":{"rendered":"<img decoding=\"async\" loading=\"lazy\" class=\"size-medium wp-image-8314 aligncenter\" src=\"http:\/\/canserrat.org\/wp-content\/uploads\/2024\/08\/Belencanas27-2-Belen-Canas-200x300.jpg\" alt=\"\" width=\"200\" height=\"300\" srcset=\"http:\/\/canserrat.org\/wp-content\/uploads\/2024\/08\/Belencanas27-2-Belen-Canas-200x300.jpg 200w, http:\/\/canserrat.org\/wp-content\/uploads\/2024\/08\/Belencanas27-2-Belen-Canas-683x1024.jpg 683w, http:\/\/canserrat.org\/wp-content\/uploads\/2024\/08\/Belencanas27-2-Belen-Canas-1024x1536.jpg 1024w, http:\/\/canserrat.org\/wp-content\/uploads\/2024\/08\/Belencanas27-2-Belen-Canas-1365x2048.jpg 1365w, http:\/\/canserrat.org\/wp-content\/uploads\/2024\/08\/Belencanas27-2-Belen-Canas-scaled-534x800.jpg 534w, http:\/\/canserrat.org\/wp-content\/uploads\/2024\/08\/Belencanas27-2-Belen-Canas-scaled-267x400.jpg 267w, http:\/\/canserrat.org\/wp-content\/uploads\/2024\/08\/Belencanas27-2-Belen-Canas-scaled.jpg 1707w\" sizes=\"(max-width: 200px) 100vw, 200px\" \/><\/p>\n<p>&nbsp;<\/p>\n<p><span data-sheets-root=\"1\">Naci\u00f3 en 1988 en la Ciudad de Buenos Aires. Es escritora, poeta, dramaturga y polit\u00f3loga. Trabaja en pol\u00edticas p\u00fablicas de vivienda. Public\u00f3 la novela \u201cNaturalezas muertas\u201d, junto con el sello editorial Agua viva. Gan\u00f3 el Segundo Premio en el 42\u00ba Certamen Nacional de Cuento General Cabrera y una Menci\u00f3n en el 43\u00ba Certamen. Particip\u00f3 de las antolog\u00edas po\u00e9ticas y federales \u201cJard\u00edn\u201d (2021), \u201cCampo\u201d (2022) y \u201cNi\u00f1ez\u201d (2023), de Proyecto Camalote. Su diario \u201cLas Guerras\u201d fue seleccionado como finalista en el Premio de No Ficci\u00f3n Latinoam\u00e9rica Independiente 2022. \u201cLa quietud\u201d, cuento sobre unas vacaciones entre madre e hija, gan\u00f3 una Menci\u00f3n del Premio de Literatura Manuel Mujica L\u00e1inez 2023, organizado por la Municipalidad de San Isidro y ser\u00e1 publicado en una antolog\u00eda en 2024. Tambi\u00e9n participar\u00e1 de una antolog\u00eda po\u00e9tica de Paisaje ediciones. Como dramaturga, escribi\u00f3 \u201cQuerido Ricardo\u201d, unipersonal seleccionado por el Ciclo Hembra, iniciativa que trabaja por la puesta en escena de obras escritas y dirigidas por mujeres y feminidades. Tambi\u00e9n la dirige. Est\u00e1 trabajando en un poemario y en un proyecto literario de no ficci\u00f3n, titulado \u201cDiccionario del ruido&#8221;.<br \/>\n<\/span><\/p>\n<p>Bel\u00e9n hace su residencia en Can Serrat en agosto de 2024.","protected":false},"excerpt":{"rendered":"<p>&nbsp; Naci\u00f3 en 1988 en la Ciudad de Buenos Aires. Es escritora, poeta, dramaturga y polit\u00f3loga. Trabaja en pol\u00edticas p\u00fablicas de vivienda. Public\u00f3 la novela \u201cNaturalezas muertas\u201d, junto con el sello editorial Agua viva. Gan\u00f3 el Segundo Premio en el &hellip; <a href=\"http:\/\/canserrat.org\/es\/maria-belen-canas\">Continuar<\/a><\/p>\n","protected":false},"author":4,"featured_media":8314,"comment_status":"closed","ping_status":"closed","sticky":false,"template":"","format":"standard","meta":{"_monsterinsights_skip_tracking":false,"_monsterinsights_sitenote_active":false,"_monsterinsights_sitenote_note":"","_monsterinsights_sitenote_category":0,"footnotes":""},"categories":[22,10,11],"tags":[],"_links":{"self":[{"href":"http:\/\/canserrat.org\/es\/wp-json\/wp\/v2\/posts\/8313"}],"collection":[{"href":"http:\/\/canserrat.org\/es\/wp-json\/wp\/v2\/posts"}],"about":[{"href":"http:\/\/canserrat.org\/es\/wp-json\/wp\/v2\/types\/post"}],"author":[{"embeddable":true,"href":"http:\/\/canserrat.org\/es\/wp-json\/wp\/v2\/users\/4"}],"replies":[{"embeddable":true,"href":"http:\/\/canserrat.org\/es\/wp-json\/wp\/v2\/comments?post=8313"}],"version-history":[{"count":1,"href":"http:\/\/canserrat.org\/es\/wp-json\/wp\/v2\/posts\/8313\/revisions"}],"predecessor-version":[{"id":8315,"href":"http:\/\/canserrat.org\/es\/wp-json\/wp\/v2\/posts\/8313\/revisions\/8315"}],"wp:featuredmedia":[{"embeddable":true,"href":"http:\/\/canserrat.org\/es\/wp-json\/wp\/v2\/media\/8314"}],"wp:attachment":[{"href":"http:\/\/canserrat.org\/es\/wp-json\/wp\/v2\/media?parent=8313"}],"wp:term":[{"taxonomy":"category","embeddable":true,"href":"http:\/\/canserrat.org\/es\/wp-json\/wp\/v2\/categories?post=8313"},{"taxonomy":"post_tag","embeddable":true,"href":"http:\/\/canserrat.org\/es\/wp-json\/wp\/v2\/tags?post=8313"}],"curies":[{"name":"wp","href":"https:\/\/api.w.org\/{rel}","templated":true}]}}