{"id":8145,"date":"2024-02-25T14:11:31","date_gmt":"2024-02-25T14:11:31","guid":{"rendered":"http:\/\/canserrat.org\/?p=8145"},"modified":"2024-06-03T09:41:45","modified_gmt":"2024-06-03T09:41:45","slug":"emine-alev-ersan","status":"publish","type":"post","link":"http:\/\/canserrat.org\/es\/emine-alev-ersan","title":{"rendered":"Emine Alev Ersan"},"content":{"rendered":"<figure id=\"attachment_8146\" class=\"thumbnail wp-caption aligncenter\" style=\"width: 200px\"><img decoding=\"async\" loading=\"lazy\" class=\"size-medium wp-image-8146\" src=\"http:\/\/canserrat.org\/wp-content\/uploads\/2024\/02\/AlevErsanPhoto_PinarGedikozer-Alev-Ersan-200x300.jpg\" alt=\"\" width=\"200\" height=\"300\" srcset=\"http:\/\/canserrat.org\/wp-content\/uploads\/2024\/02\/AlevErsanPhoto_PinarGedikozer-Alev-Ersan-200x300.jpg 200w, http:\/\/canserrat.org\/wp-content\/uploads\/2024\/02\/AlevErsanPhoto_PinarGedikozer-Alev-Ersan-684x1024.jpg 684w, http:\/\/canserrat.org\/wp-content\/uploads\/2024\/02\/AlevErsanPhoto_PinarGedikozer-Alev-Ersan-1025x1536.jpg 1025w, http:\/\/canserrat.org\/wp-content\/uploads\/2024\/02\/AlevErsanPhoto_PinarGedikozer-Alev-Ersan-1367x2048.jpg 1367w, http:\/\/canserrat.org\/wp-content\/uploads\/2024\/02\/AlevErsanPhoto_PinarGedikozer-Alev-Ersan-scaled.jpg 1709w\" sizes=\"(max-width: 200px) 100vw, 200px\" \/><figcaption class=\"caption wp-caption-text\">Rum Okulu, Kurtulu\u015f, Pelin Uran, \u0130stanbul Bienali, P\u0131nar Gedik\u00f6zer Fotograf,<\/figcaption><\/figure>\n<p>Alev Ersan es una practicante creativa que trabaja en artes visuales, literarias y esc\u00e9nicas. Su pr\u00e1ctica se manifiesta como instalaciones multimedia que incorporan contenido audiovisual y textual, performances sensibles al lugar y animaci\u00f3n de stop-motion y poes\u00eda. En el centro de su pr\u00e1ctica yace una po\u00e9tica de la traducci\u00f3n y la narrativa experimental, impulsada por su trabajo como traductora literaria de escritura experimental y educadora. Alev trabaja utilizando la investigaci\u00f3n interdisciplinaria, la experimentaci\u00f3n y la colaboraci\u00f3n, mientras que el lenguaje y la memoria son corrientes materiales y conceptuales constantes. Sus publicaciones recientes incluyen &#8220;radiant absence&#8221; 2022, Monograf\u00eda para F\u00fcs\u00fcn Onur para el Pabell\u00f3n de Turqu\u00eda en La Biennale di Venezia, Yap\u0131 Kredi Publishing &amp; Mousse Arts Publishing; &#8220;Wagging Tongues&#8221; 2021 RE: (AAP) Arter Artistic Research Program, publicaciones de ARTER; &#8220;Baz\u0131 G\u00f6zenekler A\u00e7\u0131l\u0131r&#8221; 2021 MOERO, poes\u00eda, Estambul, TR http:\/\/www.moero.org\/3-sayi\/. Su trabajo de instalaci\u00f3n reciente incluye, &#8220;m\u00e2z\u00eek&#8221;, 2022, en Depo Istanbul (en colaboraci\u00f3n con \u0130brahim Alam &#8211; \u0130lyas Odman) y &#8220;If in Mirrors, It Does Not Bite&#8221; 2022, para la exposici\u00f3n &#8220;Also Your Wound, Rosa&#8221; comisariada por Pelin Uran en Estambul.<\/p>\n<p>Emine Alev Ersan hace suresidencia durante Mayo de 2024.","protected":false},"excerpt":{"rendered":"<p>Alev Ersan es una practicante creativa que trabaja en artes visuales, literarias y esc\u00e9nicas. Su pr\u00e1ctica se manifiesta como instalaciones multimedia que incorporan contenido audiovisual y textual, performances sensibles al lugar y animaci\u00f3n de stop-motion y poes\u00eda. En el centro &hellip; <a href=\"http:\/\/canserrat.org\/es\/emine-alev-ersan\">Continuar<\/a><\/p>\n","protected":false},"author":7,"featured_media":8147,"comment_status":"closed","ping_status":"closed","sticky":false,"template":"","format":"standard","meta":{"_monsterinsights_skip_tracking":false,"_monsterinsights_sitenote_active":false,"_monsterinsights_sitenote_note":"","_monsterinsights_sitenote_category":0,"footnotes":""},"categories":[10,11],"tags":[],"_links":{"self":[{"href":"http:\/\/canserrat.org\/es\/wp-json\/wp\/v2\/posts\/8145"}],"collection":[{"href":"http:\/\/canserrat.org\/es\/wp-json\/wp\/v2\/posts"}],"about":[{"href":"http:\/\/canserrat.org\/es\/wp-json\/wp\/v2\/types\/post"}],"author":[{"embeddable":true,"href":"http:\/\/canserrat.org\/es\/wp-json\/wp\/v2\/users\/7"}],"replies":[{"embeddable":true,"href":"http:\/\/canserrat.org\/es\/wp-json\/wp\/v2\/comments?post=8145"}],"version-history":[{"count":2,"href":"http:\/\/canserrat.org\/es\/wp-json\/wp\/v2\/posts\/8145\/revisions"}],"predecessor-version":[{"id":8208,"href":"http:\/\/canserrat.org\/es\/wp-json\/wp\/v2\/posts\/8145\/revisions\/8208"}],"wp:featuredmedia":[{"embeddable":true,"href":"http:\/\/canserrat.org\/es\/wp-json\/wp\/v2\/media\/8147"}],"wp:attachment":[{"href":"http:\/\/canserrat.org\/es\/wp-json\/wp\/v2\/media?parent=8145"}],"wp:term":[{"taxonomy":"category","embeddable":true,"href":"http:\/\/canserrat.org\/es\/wp-json\/wp\/v2\/categories?post=8145"},{"taxonomy":"post_tag","embeddable":true,"href":"http:\/\/canserrat.org\/es\/wp-json\/wp\/v2\/tags?post=8145"}],"curies":[{"name":"wp","href":"https:\/\/api.w.org\/{rel}","templated":true}]}}