{"id":8042,"date":"2024-02-06T13:52:56","date_gmt":"2024-02-06T13:52:56","guid":{"rendered":"https:\/\/canserrat.org\/?p=8042"},"modified":"2024-06-03T09:43:26","modified_gmt":"2024-06-03T09:43:26","slug":"simon-azar","status":"publish","type":"post","link":"http:\/\/canserrat.org\/es\/simon-azar","title":{"rendered":"Sim\u00f3n Azar"},"content":{"rendered":"<img decoding=\"async\" loading=\"lazy\" class=\"size-medium wp-image-8043 aligncenter\" src=\"http:\/\/canserrat.org\/wp-content\/uploads\/2024\/02\/PoesiaSofa-Feria-del-Libro-47-Simon-Azar-300x200.jpg\" alt=\"\" width=\"300\" height=\"200\" srcset=\"http:\/\/canserrat.org\/wp-content\/uploads\/2024\/02\/PoesiaSofa-Feria-del-Libro-47-Simon-Azar-300x200.jpg 300w, http:\/\/canserrat.org\/wp-content\/uploads\/2024\/02\/PoesiaSofa-Feria-del-Libro-47-Simon-Azar-1024x683.jpg 1024w, http:\/\/canserrat.org\/wp-content\/uploads\/2024\/02\/PoesiaSofa-Feria-del-Libro-47-Simon-Azar-1536x1024.jpg 1536w, http:\/\/canserrat.org\/wp-content\/uploads\/2024\/02\/PoesiaSofa-Feria-del-Libro-47-Simon-Azar-1200x800.jpg 1200w, http:\/\/canserrat.org\/wp-content\/uploads\/2024\/02\/PoesiaSofa-Feria-del-Libro-47-Simon-Azar-600x400.jpg 600w, http:\/\/canserrat.org\/wp-content\/uploads\/2024\/02\/PoesiaSofa-Feria-del-Libro-47-Simon-Azar.jpg 1920w\" sizes=\"(max-width: 300px) 100vw, 300px\" \/><\/p>\n<p>&nbsp;<\/p>\n<p>Sim\u00f3n Azar es un poeta nacido en Buenos Aires en 2003. Participa en talleres y lee en voz alta con entusiasmo. Sus poemas han sido publicados en antolog\u00edas y revistas. Asisti\u00f3 a la Feria Internacional del Libro de Buenos Aires para participar en diversas lecturas. Form\u00f3 parte del proyecto Poes\u00edaYa!, en varios eventos organizados por el Centro Cultural Kirchner (@elcckirchner), el m\u00e1s grande de Am\u00e9rica Latina. Public\u00f3 Diluvio (@patronusediciones, 2021) y lo present\u00f3 en toda Argentina y en Barcelona. Estudia Escritura Creativa en la Universidad Nacional de las Artes de Argentina.<\/p>\n<p>&nbsp;<\/p>\n<p>Sim\u00f3n Azar hace su residencia durante mayo de 2024","protected":false},"excerpt":{"rendered":"<p>&nbsp; Sim\u00f3n Azar es un poeta nacido en Buenos Aires en 2003. Participa en talleres y lee en voz alta con entusiasmo. Sus poemas han sido publicados en antolog\u00edas y revistas. Asisti\u00f3 a la Feria Internacional del Libro de Buenos &hellip; <a href=\"http:\/\/canserrat.org\/es\/simon-azar\">Continuar<\/a><\/p>\n","protected":false},"author":7,"featured_media":8043,"comment_status":"closed","ping_status":"closed","sticky":false,"template":"","format":"standard","meta":{"_monsterinsights_skip_tracking":false,"_monsterinsights_sitenote_active":false,"_monsterinsights_sitenote_note":"","_monsterinsights_sitenote_category":0,"footnotes":""},"categories":[10,11],"tags":[],"_links":{"self":[{"href":"http:\/\/canserrat.org\/es\/wp-json\/wp\/v2\/posts\/8042"}],"collection":[{"href":"http:\/\/canserrat.org\/es\/wp-json\/wp\/v2\/posts"}],"about":[{"href":"http:\/\/canserrat.org\/es\/wp-json\/wp\/v2\/types\/post"}],"author":[{"embeddable":true,"href":"http:\/\/canserrat.org\/es\/wp-json\/wp\/v2\/users\/7"}],"replies":[{"embeddable":true,"href":"http:\/\/canserrat.org\/es\/wp-json\/wp\/v2\/comments?post=8042"}],"version-history":[{"count":2,"href":"http:\/\/canserrat.org\/es\/wp-json\/wp\/v2\/posts\/8042\/revisions"}],"predecessor-version":[{"id":8203,"href":"http:\/\/canserrat.org\/es\/wp-json\/wp\/v2\/posts\/8042\/revisions\/8203"}],"wp:featuredmedia":[{"embeddable":true,"href":"http:\/\/canserrat.org\/es\/wp-json\/wp\/v2\/media\/8043"}],"wp:attachment":[{"href":"http:\/\/canserrat.org\/es\/wp-json\/wp\/v2\/media?parent=8042"}],"wp:term":[{"taxonomy":"category","embeddable":true,"href":"http:\/\/canserrat.org\/es\/wp-json\/wp\/v2\/categories?post=8042"},{"taxonomy":"post_tag","embeddable":true,"href":"http:\/\/canserrat.org\/es\/wp-json\/wp\/v2\/tags?post=8042"}],"curies":[{"name":"wp","href":"https:\/\/api.w.org\/{rel}","templated":true}]}}