{"id":8024,"date":"2024-02-06T13:05:10","date_gmt":"2024-02-06T13:05:10","guid":{"rendered":"https:\/\/canserrat.org\/?p=8024"},"modified":"2025-06-09T10:48:06","modified_gmt":"2025-06-09T10:48:06","slug":"mercedes-duque-espiau","status":"publish","type":"post","link":"http:\/\/canserrat.org\/es\/mercedes-duque-espiau","title":{"rendered":"Mercedes Duque Espiau"},"content":{"rendered":"<img decoding=\"async\" loading=\"lazy\" class=\"wp-image-8807 size-medium aligncenter\" src=\"http:\/\/canserrat.org\/wp-content\/uploads\/2024\/02\/foto-bio-Mercedes-Duque-Espiau-220x300.jpg\" alt=\"\" width=\"220\" height=\"300\" srcset=\"http:\/\/canserrat.org\/wp-content\/uploads\/2024\/02\/foto-bio-Mercedes-Duque-Espiau-220x300.jpg 220w, http:\/\/canserrat.org\/wp-content\/uploads\/2024\/02\/foto-bio-Mercedes-Duque-Espiau-750x1024.jpg 750w, http:\/\/canserrat.org\/wp-content\/uploads\/2024\/02\/foto-bio-Mercedes-Duque-Espiau.jpg 982w\" sizes=\"(max-width: 220px) 100vw, 220px\" \/><\/p>\n<p>&nbsp;<\/p>\n<p>Mercedes Duque Espiau (Sevilla, 1996). Es escritora, antrop\u00f3loga y docente. Estudi\u00f3 el M\u00e1ster en Escritura Creativa de la Complutense de Madrid en el 2021-2022. Actualmente es profesora de escritura creativa y colabora en las revistas culturales La Elocuente y Mercurio.<\/p>\n<p>Es autora de Los d\u00edas breves (Verbum, 2023), libro ganador del III Concurso Internacional de Cuentos Juan Ruiz de Torres. Tambi\u00e9n ha sido publicada en la antolog\u00eda del 4\u00ba Concurso de Narrativa de la Fundaci\u00f3n La Balandra y en la revista Invernadero.<\/p>\n<p>A principios de 2025 la editorial Tusquets publicar\u00e1 su primera novela, Animales peque\u00f1os, que estuvo trabajando durante su periodo de residencia en Can Serrat.<\/p>\n<p>Mercedes Duque Espiau \u00a0hace su residencia durante mayo-junio de 2024<\/p>\n<h6><em>*Foto tomada por la artista Gizem Karaka\u015f, residente en Can Serrat<\/em><\/h6>","protected":false},"excerpt":{"rendered":"<p>&nbsp; Mercedes Duque Espiau (Sevilla, 1996). Es escritora, antrop\u00f3loga y docente. Estudi\u00f3 el M\u00e1ster en Escritura Creativa de la Complutense de Madrid en el 2021-2022. Actualmente es profesora de escritura creativa y colabora en las revistas culturales La Elocuente y &hellip; <a href=\"http:\/\/canserrat.org\/es\/mercedes-duque-espiau\">Continuar<\/a><\/p>\n","protected":false},"author":7,"featured_media":8026,"comment_status":"closed","ping_status":"closed","sticky":false,"template":"","format":"standard","meta":{"_monsterinsights_skip_tracking":false,"_monsterinsights_sitenote_active":false,"_monsterinsights_sitenote_note":"","_monsterinsights_sitenote_category":0,"footnotes":""},"categories":[10,11],"tags":[],"_links":{"self":[{"href":"http:\/\/canserrat.org\/es\/wp-json\/wp\/v2\/posts\/8024"}],"collection":[{"href":"http:\/\/canserrat.org\/es\/wp-json\/wp\/v2\/posts"}],"about":[{"href":"http:\/\/canserrat.org\/es\/wp-json\/wp\/v2\/types\/post"}],"author":[{"embeddable":true,"href":"http:\/\/canserrat.org\/es\/wp-json\/wp\/v2\/users\/7"}],"replies":[{"embeddable":true,"href":"http:\/\/canserrat.org\/es\/wp-json\/wp\/v2\/comments?post=8024"}],"version-history":[{"count":5,"href":"http:\/\/canserrat.org\/es\/wp-json\/wp\/v2\/posts\/8024\/revisions"}],"predecessor-version":[{"id":8808,"href":"http:\/\/canserrat.org\/es\/wp-json\/wp\/v2\/posts\/8024\/revisions\/8808"}],"wp:featuredmedia":[{"embeddable":true,"href":"http:\/\/canserrat.org\/es\/wp-json\/wp\/v2\/media\/8026"}],"wp:attachment":[{"href":"http:\/\/canserrat.org\/es\/wp-json\/wp\/v2\/media?parent=8024"}],"wp:term":[{"taxonomy":"category","embeddable":true,"href":"http:\/\/canserrat.org\/es\/wp-json\/wp\/v2\/categories?post=8024"},{"taxonomy":"post_tag","embeddable":true,"href":"http:\/\/canserrat.org\/es\/wp-json\/wp\/v2\/tags?post=8024"}],"curies":[{"name":"wp","href":"https:\/\/api.w.org\/{rel}","templated":true}]}}