{"id":7810,"date":"2023-09-12T16:36:33","date_gmt":"2023-09-12T16:36:33","guid":{"rendered":"https:\/\/canserrat.org\/?p=7810"},"modified":"2024-01-26T10:22:46","modified_gmt":"2024-01-26T10:22:46","slug":"gabby-de-cicco","status":"publish","type":"post","link":"http:\/\/canserrat.org\/es\/gabby-de-cicco","title":{"rendered":"Gabby De Cicco"},"content":{"rendered":"<img decoding=\"async\" loading=\"lazy\" class=\"wp-image-7811 aligncenter\" src=\"http:\/\/canserrat.org\/wp-content\/uploads\/2023\/09\/17-Gabby-De-Cicco-scaled.jpg\" alt=\"\" width=\"213\" height=\"280\" srcset=\"http:\/\/canserrat.org\/wp-content\/uploads\/2023\/09\/17-Gabby-De-Cicco-scaled.jpg 1951w, http:\/\/canserrat.org\/wp-content\/uploads\/2023\/09\/17-Gabby-De-Cicco-229x300.jpg 229w, http:\/\/canserrat.org\/wp-content\/uploads\/2023\/09\/17-Gabby-De-Cicco-780x1024.jpg 780w, http:\/\/canserrat.org\/wp-content\/uploads\/2023\/09\/17-Gabby-De-Cicco-1171x1536.jpg 1171w, http:\/\/canserrat.org\/wp-content\/uploads\/2023\/09\/17-Gabby-De-Cicco-1561x2048.jpg 1561w, http:\/\/canserrat.org\/wp-content\/uploads\/2023\/09\/17-Gabby-De-Cicco-scaled-610x800.jpg 610w, http:\/\/canserrat.org\/wp-content\/uploads\/2023\/09\/17-Gabby-De-Cicco-scaled-305x400.jpg 305w\" sizes=\"(max-width: 213px) 100vw, 213px\" \/><\/p>\n<p>&nbsp;<\/p>\n<p>Gabby De Cicco naci\u00f3 en Rosario, Santa Fe, Argentina, en 1965. Su lema es &#8220;Lo personal-po\u00e9tico es pol\u00edtico&#8221; y se describe como poeta lesbofeminista no binaria.<\/p>\n<p>Han publicado siete libros de poemas, el \u00faltimo es Transg\u00e9nica &#8211; Obra reunida (2019), un volumen que recoge todos sus libros, abarcando 34 a\u00f1os de trabajo po\u00e9tico.<br \/>\nDesde 1990 facilitan talleres de escritura creativa, poes\u00eda y comunicaci\u00f3n feminista queer. Como gestorx cultural, han organizado numerosos eventos po\u00e9ticos y han formado parte de los equipos organizadores de dos de los principales festivales de poes\u00eda argentinos: Poes\u00eda \u00a1Ya! en Buenos Aires y el Festival Internacional de Poes\u00eda de Rosario.<br \/>\nEn 1985 fundaron Spectrum Ediciones y dirigieron la revista literaria Rayuela (1985-1989). En 2000, cofundaron RIMA &#8211; Red Informativa de Mujeres de Argentina, y en 2005 crearon Hip\u00f3lita Ediciones, una peque\u00f1a editorial feminista independiente.<\/p>\n<p>&nbsp;<\/p>\n<p>Gabby hace su residencia en Can Serrat en septiembre-octubre de 2023.","protected":false},"excerpt":{"rendered":"<p>&nbsp; Gabby De Cicco naci\u00f3 en Rosario, Santa Fe, Argentina, en 1965. Su lema es &#8220;Lo personal-po\u00e9tico es pol\u00edtico&#8221; y se describe como poeta lesbofeminista no binaria. Han publicado siete libros de poemas, el \u00faltimo es Transg\u00e9nica &#8211; Obra reunida &hellip; <a href=\"http:\/\/canserrat.org\/es\/gabby-de-cicco\">Continuar<\/a><\/p>\n","protected":false},"author":6,"featured_media":7811,"comment_status":"closed","ping_status":"closed","sticky":false,"template":"","format":"standard","meta":{"_monsterinsights_skip_tracking":false,"_monsterinsights_sitenote_active":false,"_monsterinsights_sitenote_note":"","_monsterinsights_sitenote_category":0,"footnotes":""},"categories":[22,10,11],"tags":[],"_links":{"self":[{"href":"http:\/\/canserrat.org\/es\/wp-json\/wp\/v2\/posts\/7810"}],"collection":[{"href":"http:\/\/canserrat.org\/es\/wp-json\/wp\/v2\/posts"}],"about":[{"href":"http:\/\/canserrat.org\/es\/wp-json\/wp\/v2\/types\/post"}],"author":[{"embeddable":true,"href":"http:\/\/canserrat.org\/es\/wp-json\/wp\/v2\/users\/6"}],"replies":[{"embeddable":true,"href":"http:\/\/canserrat.org\/es\/wp-json\/wp\/v2\/comments?post=7810"}],"version-history":[{"count":2,"href":"http:\/\/canserrat.org\/es\/wp-json\/wp\/v2\/posts\/7810\/revisions"}],"predecessor-version":[{"id":7863,"href":"http:\/\/canserrat.org\/es\/wp-json\/wp\/v2\/posts\/7810\/revisions\/7863"}],"wp:featuredmedia":[{"embeddable":true,"href":"http:\/\/canserrat.org\/es\/wp-json\/wp\/v2\/media\/7811"}],"wp:attachment":[{"href":"http:\/\/canserrat.org\/es\/wp-json\/wp\/v2\/media?parent=7810"}],"wp:term":[{"taxonomy":"category","embeddable":true,"href":"http:\/\/canserrat.org\/es\/wp-json\/wp\/v2\/categories?post=7810"},{"taxonomy":"post_tag","embeddable":true,"href":"http:\/\/canserrat.org\/es\/wp-json\/wp\/v2\/tags?post=7810"}],"curies":[{"name":"wp","href":"https:\/\/api.w.org\/{rel}","templated":true}]}}