{"id":7254,"date":"2022-11-11T10:26:37","date_gmt":"2022-11-11T10:26:37","guid":{"rendered":"http:\/\/canserrat.org\/?p=7254"},"modified":"2023-08-04T16:06:22","modified_gmt":"2023-08-04T16:06:22","slug":"call-result__summer-fall-2023-residency__visual-artists","status":"publish","type":"post","link":"http:\/\/canserrat.org\/es\/call-result__summer-fall-2023-residency__visual-artists","title":{"rendered":"RESULTADO CONVOCATORIA__Verano-Oto\u00f1o 2023__Artistas Visuales"},"content":{"rendered":"<div class=\"tlid-input input\">\n<div class=\"source-wrap\">\n<div class=\"input-full-height-wrapper tlid-input-full-height-wrapper\">\n<div class=\"source-input\">\n<div class=\"source-footer-wrap source-or-target-footer\">\n<div class=\"character-count tlid-character-count\">\n<p>&nbsp;<\/p>\n<p>En el marco de este jurado, se recibieron muchas solicitudes de artistas de todo el mundo y un gran n\u00famero de ellas eran de una calidad impresionante. El jurado ha disfrutado mucho de todos los proyectos presentados y, una vez m\u00e1s, ha sido un reto hacer una selecci\u00f3n. Tras pasar horas debatiendo, han sido seleccionadas 21 propuestas para integrar el programa de residencia (1 invitaci\u00f3n completa, 10 invitaci\u00f3nes#1 y 10 invitaci\u00f3nes#2). El jurado tuvo mucho cura en invitar a proyectos que fueran espec\u00edficamente relevantes para el contexto de Can Serrat.<\/p>\n<p>&nbsp;<\/p>\n<\/div>\n<\/div>\n<\/div>\n<\/div>\n<\/div>\n<\/div>\n<div>\n<p><strong>Jurado:<\/strong><\/p>\n<p>Carolina Goyzueta_Antrop\u00f3loga especialista en temas de infancia, educaci\u00f3n y g\u00e9nero. Coordinadora del proyecto\u00a0<a href=\"http:\/\/canserrat.org\/es\/social-garden\" target=\"_blank\" rel=\"noopener noreferrer\">jard\u00edn social<\/a>\u00a0en Can Serrat. Coordinadora invitada\u00a0<a href=\"http:\/\/canserrat.org\/es\/parasitio\" target=\"_blank\" rel=\"noopener noreferrer\">Parasitio<\/a>6#.<\/p>\n<p><a href=\"https:\/\/duncangibbs.co.uk\/\" target=\"_blank\" rel=\"noopener noreferrer\">Duncan Gibbs<\/a>_Artista contemporaneo y beca completa en Can Serrat en 2019<\/p>\n<p>Sophie Blais_Directora de Can Serrat (voz sin voto)<\/p>\n<p>Sarah Goodchild Robb_Coordinaci\u00f3n art\u00edstica y Comunicaci\u00f3n (voz sin voto)<\/p>\n<\/div>\n<p>&nbsp;<\/p>\n<div>\n<div>\n<p style=\"padding-left: 80px;\"><strong>INVITACI\u00d3N COMPLETA \u2014<\/strong><\/p>\n<p style=\"padding-left: 80px;\"><span style=\"color: #00ff00;\"><strong>Paula Vicente Puiggr\u00f2s<\/strong><\/span><\/p>\n<p>&nbsp;<\/p>\n<p style=\"padding-left: 80px;\"><strong>INVITACI\u00d3N PARCIAL #1 \u2014<\/strong><\/p>\n<p style=\"padding-left: 80px;\"><span style=\"color: #00ff00;\"><strong>Mohamed Monaiseer<\/strong><\/span><\/p>\n<p style=\"padding-left: 80px;\"><span style=\"color: #00ff00;\"><strong>Tatiana Rais<\/strong><\/span><\/p>\n<p style=\"padding-left: 80px;\"><span style=\"color: #00ff00;\"><strong>Giselle Luc\u00eda Navarro Delgado<br \/>\n<\/strong><\/span><\/p>\n<p style=\"padding-left: 80px;\"><span style=\"color: #00ff00;\"><strong>Judit Luna Minguell<br \/>\n<\/strong><\/span><\/p>\n<p style=\"padding-left: 80px;\"><span style=\"color: #00ff00;\"><strong>Montserrat Llampallas<br \/>\n<\/strong><\/span><\/p>\n<p style=\"padding-left: 80px;\"><span style=\"color: #00ff00;\"><strong>Alvaro Ben\u00edtez (y Camilo Mutis)<br \/>\n<\/strong><\/span><\/p>\n<p style=\"padding-left: 80px;\"><span style=\"color: #00ff00;\"><strong>Reed RUSHES<br \/>\n<\/strong><\/span><\/p>\n<p style=\"padding-left: 80px;\"><span style=\"color: #00ff00;\"><strong>Alba Garc\u00eda i Allu\u00e9<br \/>\n<\/strong><\/span><\/p>\n<p style=\"padding-left: 80px;\"><span style=\"color: #00ff00;\"><strong>Mateo Botella y Nayarit Fuentes<br \/>\n<\/strong><\/span><\/p>\n<p style=\"padding-left: 80px;\"><span style=\"color: #00ff00;\"><strong>Saeed Pezeshki<\/strong><\/span><\/p>\n<p>&nbsp;<\/p>\n<p>&nbsp;<\/p>\n<p style=\"padding-left: 80px;\"><strong>INVITACI\u00d3N PARCIAL #2 \u2014<\/strong><\/p>\n<\/div>\n<p style=\"padding-left: 80px;\"><span style=\"color: #00ff00;\"><strong>Chiara Famengo &amp; Ailo Montserrat Ribas Goody<\/strong><\/span><\/p>\n<p style=\"padding-left: 80px;\"><span style=\"color: #00ff00;\"><strong>Irene Trapote<\/strong><\/span><\/p>\n<p style=\"padding-left: 80px;\"><span style=\"color: #00ff00;\"><strong>Raechel (Rae) Teitelbaum<\/strong><\/span><\/p>\n<p style=\"padding-left: 80px;\"><span style=\"color: #00ff00;\"><strong>Starling <\/strong><\/span><\/p>\n<p style=\"padding-left: 80px;\"><span style=\"color: #00ff00;\"><strong>Jennifer Rendall<\/strong><\/span><\/p>\n<p style=\"padding-left: 80px;\"><span style=\"color: #00ff00;\"><strong>Chlo\u00e9 Mossessian &amp; Hank Mittnacht<\/strong><\/span><\/p>\n<p style=\"padding-left: 80px;\"><span style=\"color: #00ff00;\"><strong>Dina Amro &#8211; Bint Mbareh<\/strong><\/span><\/p>\n<p style=\"padding-left: 80px;\"><span style=\"color: #00ff00;\"><strong>Nathan Wheeler<\/strong><\/span><\/p>\n<p style=\"padding-left: 80px;\"><span style=\"color: #00ff00;\"><strong>Huge Sillytoe<\/strong><\/span><\/p>\n<p style=\"padding-left: 80px;\"><span style=\"color: #00ff00;\"><strong>Sohila Khaled<\/strong><\/span><\/p>\n<\/div>\n<p>&nbsp;<\/p>\n<p>*Sabemos que es muy dif\u00edcil generar espacios de cuidado dentro de una convocatoria, pero queremos agradecer, de todo coraz\u00f3n, a todas las personas que nos han hecho llegar sus propuestas. Ha sido un placer leerlas, adentrarse en sus pr\u00e1cticas y entrar en contacto con ellas.","protected":false},"excerpt":{"rendered":"<p>&nbsp; En el marco de este jurado, se recibieron muchas solicitudes de artistas de todo el mundo y un gran n\u00famero de ellas eran de una calidad impresionante. El jurado ha disfrutado mucho de todos los proyectos presentados y, una &hellip; <a href=\"http:\/\/canserrat.org\/es\/call-result__summer-fall-2023-residency__visual-artists\">Continuar<\/a><\/p>\n","protected":false},"author":4,"featured_media":7135,"comment_status":"closed","ping_status":"closed","sticky":false,"template":"","format":"standard","meta":{"_monsterinsights_skip_tracking":false,"_monsterinsights_sitenote_active":false,"_monsterinsights_sitenote_note":"","_monsterinsights_sitenote_category":0,"footnotes":""},"categories":[22,71,37],"tags":[],"_links":{"self":[{"href":"http:\/\/canserrat.org\/es\/wp-json\/wp\/v2\/posts\/7254"}],"collection":[{"href":"http:\/\/canserrat.org\/es\/wp-json\/wp\/v2\/posts"}],"about":[{"href":"http:\/\/canserrat.org\/es\/wp-json\/wp\/v2\/types\/post"}],"author":[{"embeddable":true,"href":"http:\/\/canserrat.org\/es\/wp-json\/wp\/v2\/users\/4"}],"replies":[{"embeddable":true,"href":"http:\/\/canserrat.org\/es\/wp-json\/wp\/v2\/comments?post=7254"}],"version-history":[{"count":4,"href":"http:\/\/canserrat.org\/es\/wp-json\/wp\/v2\/posts\/7254\/revisions"}],"predecessor-version":[{"id":7722,"href":"http:\/\/canserrat.org\/es\/wp-json\/wp\/v2\/posts\/7254\/revisions\/7722"}],"wp:featuredmedia":[{"embeddable":true,"href":"http:\/\/canserrat.org\/es\/wp-json\/wp\/v2\/media\/7135"}],"wp:attachment":[{"href":"http:\/\/canserrat.org\/es\/wp-json\/wp\/v2\/media?parent=7254"}],"wp:term":[{"taxonomy":"category","embeddable":true,"href":"http:\/\/canserrat.org\/es\/wp-json\/wp\/v2\/categories?post=7254"},{"taxonomy":"post_tag","embeddable":true,"href":"http:\/\/canserrat.org\/es\/wp-json\/wp\/v2\/tags?post=7254"}],"curies":[{"name":"wp","href":"https:\/\/api.w.org\/{rel}","templated":true}]}}