{"id":682,"date":"2016-09-09T14:02:05","date_gmt":"2016-09-09T14:02:05","guid":{"rendered":"http:\/\/canserrat.org\/?p=682"},"modified":"2019-09-03T13:01:06","modified_gmt":"2019-09-03T13:01:06","slug":"allan-bech-v-2","status":"publish","type":"post","link":"http:\/\/canserrat.org\/es\/allan-bech-v-2","title":{"rendered":"Allan Bech V"},"content":{"rendered":"<img decoding=\"async\" loading=\"lazy\" class=\"size-medium wp-image-680 aligncenter\" src=\"http:\/\/canserrat.org\/wp-content\/uploads\/2016\/09\/AP-Kremlin_-Allan-Bech-300x197.jpg\" alt=\"\" width=\"300\" height=\"197\" srcset=\"http:\/\/canserrat.org\/wp-content\/uploads\/2016\/09\/AP-Kremlin_-Allan-Bech-300x197.jpg 300w, http:\/\/canserrat.org\/wp-content\/uploads\/2016\/09\/AP-Kremlin_-Allan-Bech-1024x671.jpg 1024w, http:\/\/canserrat.org\/wp-content\/uploads\/2016\/09\/AP-Kremlin_-Allan-Bech.jpg 1920w\" sizes=\"(max-width: 300px) 100vw, 300px\" \/><\/p>\n<p>&nbsp;<\/p>\n<p>Soy arquitecto\/artista residente en Copenhague . Me gradu\u00e9 en la Escuela de Arquitectura de Aarhus con un proyecto interdisciplinario entre arquitectura, artes visuales y filosof\u00eda. Desde entonces, he seguido trabajando en formas esf\u00e9ricas de arte.<\/p>\n<p>Mi medio principal a la hora de crear es sin duda el dibujo, pero\u00a0tambi\u00e9n tiendo a utilizar otros medios cuando trabajo en proyectos de mayor envergadura. Generalmente trabajo de una manera bastante intuitiva &#8211; por ejemplo, nunca bosquejo antes de dibujar.<\/p>\n<p>He expuesto mi trabajo en varias ocasiones. Actualmente trabajo con algunas galer\u00edas de Dinamarca y de el Reino Unido. La Fundaci\u00f3n <em>Danish Arts<\/em> apoya mi estancia en Can Serrat donde estar\u00e9 trabajando en un proyecto relacionado con <em>las masas<\/em> de Montserrat y la zona del Eixample, en Barcelona.","protected":false},"excerpt":{"rendered":"<p>&nbsp; Soy arquitecto\/artista residente en Copenhague . Me gradu\u00e9 en la Escuela de Arquitectura de Aarhus con un proyecto interdisciplinario entre arquitectura, artes visuales y filosof\u00eda. Desde entonces, he seguido trabajando en formas esf\u00e9ricas de arte. Mi medio principal a &hellip; <a href=\"http:\/\/canserrat.org\/es\/allan-bech-v-2\">Continuar<\/a><\/p>\n","protected":false},"author":3,"featured_media":680,"comment_status":"open","ping_status":"open","sticky":false,"template":"","format":"standard","meta":{"_monsterinsights_skip_tracking":false,"_monsterinsights_sitenote_active":false,"_monsterinsights_sitenote_note":"","_monsterinsights_sitenote_category":0,"footnotes":""},"categories":[10,11],"tags":[],"_links":{"self":[{"href":"http:\/\/canserrat.org\/es\/wp-json\/wp\/v2\/posts\/682"}],"collection":[{"href":"http:\/\/canserrat.org\/es\/wp-json\/wp\/v2\/posts"}],"about":[{"href":"http:\/\/canserrat.org\/es\/wp-json\/wp\/v2\/types\/post"}],"author":[{"embeddable":true,"href":"http:\/\/canserrat.org\/es\/wp-json\/wp\/v2\/users\/3"}],"replies":[{"embeddable":true,"href":"http:\/\/canserrat.org\/es\/wp-json\/wp\/v2\/comments?post=682"}],"version-history":[{"count":4,"href":"http:\/\/canserrat.org\/es\/wp-json\/wp\/v2\/posts\/682\/revisions"}],"predecessor-version":[{"id":4038,"href":"http:\/\/canserrat.org\/es\/wp-json\/wp\/v2\/posts\/682\/revisions\/4038"}],"wp:featuredmedia":[{"embeddable":true,"href":"http:\/\/canserrat.org\/es\/wp-json\/wp\/v2\/media\/680"}],"wp:attachment":[{"href":"http:\/\/canserrat.org\/es\/wp-json\/wp\/v2\/media?parent=682"}],"wp:term":[{"taxonomy":"category","embeddable":true,"href":"http:\/\/canserrat.org\/es\/wp-json\/wp\/v2\/categories?post=682"},{"taxonomy":"post_tag","embeddable":true,"href":"http:\/\/canserrat.org\/es\/wp-json\/wp\/v2\/tags?post=682"}],"curies":[{"name":"wp","href":"https:\/\/api.w.org\/{rel}","templated":true}]}}