{"id":6427,"date":"2022-01-06T21:57:23","date_gmt":"2022-01-06T21:57:23","guid":{"rendered":"http:\/\/canserrat.org\/?p=6427"},"modified":"2022-02-15T10:56:06","modified_gmt":"2022-02-15T10:56:06","slug":"fatma-belkis-isik","status":"publish","type":"post","link":"http:\/\/canserrat.org\/es\/fatma-belkis-isik","title":{"rendered":"Fatma Belk\u0131s"},"content":{"rendered":"<img decoding=\"async\" loading=\"lazy\" class=\"size-medium wp-image-6428 aligncenter\" src=\"http:\/\/canserrat.org\/wp-content\/uploads\/2022\/01\/fatmabelkis-FatmaBelk\u0131s-I\u015f\u0131k-300x300.jpg\" alt=\"\" width=\"300\" height=\"300\" srcset=\"http:\/\/canserrat.org\/wp-content\/uploads\/2022\/01\/fatmabelkis-FatmaBelk\u0131s-I\u015f\u0131k-300x300.jpg 300w, http:\/\/canserrat.org\/wp-content\/uploads\/2022\/01\/fatmabelkis-FatmaBelk\u0131s-I\u015f\u0131k-150x150.jpg 150w, http:\/\/canserrat.org\/wp-content\/uploads\/2022\/01\/fatmabelkis-FatmaBelk\u0131s-I\u015f\u0131k-1024x1024.jpg 1024w, http:\/\/canserrat.org\/wp-content\/uploads\/2022\/01\/fatmabelkis-FatmaBelk\u0131s-I\u015f\u0131k-730x730.jpg 730w, http:\/\/canserrat.org\/wp-content\/uploads\/2022\/01\/fatmabelkis-FatmaBelk\u0131s-I\u015f\u0131k-365x365.jpg 365w, http:\/\/canserrat.org\/wp-content\/uploads\/2022\/01\/fatmabelkis-FatmaBelk\u0131s-I\u015f\u0131k.jpg 1600w\" sizes=\"(max-width: 300px) 100vw, 300px\" \/><\/p>\n<p>&nbsp;<\/p>\n<p>Fatma Belk\u0131s naci\u00f3 en Antalya en 1985. Ahora vive en Estambul. Trabaja con texto, video e impresos, ya sea individualmente o colectivamente con amigos. A pesar de que como artista le interesan estrictamente las personas que atraviesan alg\u00fan tipo de transformaci\u00f3n, espec\u00edficamente las que no pasan por esto solas, en su vida personal prefiere vivir con gatos en lugar de personas.<\/p>\n<p>Estudi\u00f3 Artes Visuales y Dise\u00f1o de la Comunicaci\u00f3n en Estambul hace alg\u00fan tiempo. Sus obras se exhibieron en las Bienales de Estambul y Sharjah y en instituciones como \u0130stanbul Modern, DEPO, nGbK, Tensta Konsthall. Las pel\u00edculas que ha dirigido se proyectaron en festivales internacionales de cine en Turqu\u00eda y Europa.","protected":false},"excerpt":{"rendered":"<p>&nbsp; Fatma Belk\u0131s naci\u00f3 en Antalya en 1985. Ahora vive en Estambul. Trabaja con texto, video e impresos, ya sea individualmente o colectivamente con amigos. A pesar de que como artista le interesan estrictamente las personas que atraviesan alg\u00fan tipo &hellip; <a href=\"http:\/\/canserrat.org\/es\/fatma-belkis-isik\">Continuar<\/a><\/p>\n","protected":false},"author":3,"featured_media":6428,"comment_status":"closed","ping_status":"closed","sticky":false,"template":"","format":"standard","meta":{"_monsterinsights_skip_tracking":false,"_monsterinsights_sitenote_active":false,"_monsterinsights_sitenote_note":"","_monsterinsights_sitenote_category":0,"footnotes":""},"categories":[22,10,11],"tags":[],"_links":{"self":[{"href":"http:\/\/canserrat.org\/es\/wp-json\/wp\/v2\/posts\/6427"}],"collection":[{"href":"http:\/\/canserrat.org\/es\/wp-json\/wp\/v2\/posts"}],"about":[{"href":"http:\/\/canserrat.org\/es\/wp-json\/wp\/v2\/types\/post"}],"author":[{"embeddable":true,"href":"http:\/\/canserrat.org\/es\/wp-json\/wp\/v2\/users\/3"}],"replies":[{"embeddable":true,"href":"http:\/\/canserrat.org\/es\/wp-json\/wp\/v2\/comments?post=6427"}],"version-history":[{"count":2,"href":"http:\/\/canserrat.org\/es\/wp-json\/wp\/v2\/posts\/6427\/revisions"}],"predecessor-version":[{"id":6430,"href":"http:\/\/canserrat.org\/es\/wp-json\/wp\/v2\/posts\/6427\/revisions\/6430"}],"wp:featuredmedia":[{"embeddable":true,"href":"http:\/\/canserrat.org\/es\/wp-json\/wp\/v2\/media\/6428"}],"wp:attachment":[{"href":"http:\/\/canserrat.org\/es\/wp-json\/wp\/v2\/media?parent=6427"}],"wp:term":[{"taxonomy":"category","embeddable":true,"href":"http:\/\/canserrat.org\/es\/wp-json\/wp\/v2\/categories?post=6427"},{"taxonomy":"post_tag","embeddable":true,"href":"http:\/\/canserrat.org\/es\/wp-json\/wp\/v2\/tags?post=6427"}],"curies":[{"name":"wp","href":"https:\/\/api.w.org\/{rel}","templated":true}]}}