{"id":6414,"date":"2021-12-10T10:06:02","date_gmt":"2021-12-10T10:06:02","guid":{"rendered":"http:\/\/canserrat.org\/?p=6414"},"modified":"2022-05-25T08:27:21","modified_gmt":"2022-05-25T08:27:21","slug":"call-result-winter-spring-2022-residency-writers-2","status":"publish","type":"post","link":"http:\/\/canserrat.org\/es\/call-result-winter-spring-2022-residency-writers-2","title":{"rendered":"RESULTADO CONVOCATORIA &#8211; Verano-Oto\u00f1o 2022 &#8211; Escritores"},"content":{"rendered":"<div class=\"tlid-input input\">\n<div class=\"source-wrap\">\n<div class=\"input-full-height-wrapper tlid-input-full-height-wrapper\">\n<div class=\"source-input\">\n<div class=\"source-footer-wrap source-or-target-footer\">\n<div class=\"character-count tlid-character-count\">\n<p>En el marco de este jurado, se recibieron muchas solicitudes de escritores de todo el mundo y un gran n\u00famero de ellas eran de una calidad impresionante. El jurado ha disfrutado mucho de todos los proyectos presentados y, una vez m\u00e1s, ha sido un reto hacer una selecci\u00f3n. Tras pasar horas debatiendo, han sido seleccionadas 21 propuestas para integrar el programa de residencia (1 beca completa, 10 beca#1, 10 beca#2). El jurado tuvo mucho cura en invitar a proyectos que fueran espec\u00edficamente relevantes para el contexto de Can Serrat.<\/p>\n<p>El equipo de Can Serrat desea estar a disposici\u00f3n de cualquier persona que se haya presentado y quiera conocer el resultado de esta convocatoria con m\u00e1s detalle; parece importante dedicar tiempo a esa transparencia y ofrecer comentarios. Dada la realidad de nuestros limitados recursos humanos y la cantidad de trabajo a realizar por un equipo muy peque\u00f1o, es un reto crear ese espacio. Por lo tanto, le pedimos que, si decide pedirnos opini\u00f3n, tenga paciencia, ya que podemos tardar en responder.<\/p>\n<\/div>\n<\/div>\n<\/div>\n<\/div>\n<\/div>\n<\/div>\n<div><\/div>\n<div>\n<p>&nbsp;<\/p>\n<p><strong>Jurado:<\/strong><\/p>\n<p>Sophie Blais _ Directora de Can Serrat<\/p>\n<p>Sarah Goodchild Robb _ Coordinaci\u00f3n artistica y comunicaci\u00f3n<\/p>\n<p><a href=\"https:\/\/marticaminipunto.wordpress.com\/2016\/09\/14\/biografia-2\/\" target=\"_blank\" rel=\"noopener noreferrer\">Martha Luisa Hern\u00e1ndez Cadenas<\/a> __ poeta (Cuba) i beca completa a Can Serrat (Narrativa Colectiva Gener 2020)<\/p>\n<\/div>\n<p>&nbsp;<\/p>\n<p>&nbsp;<\/p>\n<div>\n<p>BECA COMPLETA &#8212;<\/p>\n<p style=\"padding-left: 120px;\"><span style=\"color: #00ff00;\"><strong>Valeria Mata<\/strong><\/span><\/p>\n<p>&nbsp;<\/p>\n<p>&nbsp;<\/p>\n<p>BECA PARCIAL #1 &#8212;<\/p>\n<p style=\"padding-left: 120px;\"><strong><span style=\"color: #00ff00;\">Paolo Bosca<\/span><\/strong><\/p>\n<p style=\"padding-left: 120px;\"><strong><span style=\"color: #00ff00;\">Luis Eduardo Vivero<\/span><\/strong><\/p>\n<p style=\"padding-left: 120px;\"><strong><span style=\"color: #00ff00;\">Gillian Barlow<\/span><\/strong><\/p>\n<p style=\"padding-left: 120px;\"><strong><span style=\"color: #00ff00;\">Jaime del Fresno<\/span><\/strong><\/p>\n<p style=\"padding-left: 120px;\"><strong><span style=\"color: #00ff00;\">Erica EIsen<\/span><\/strong><\/p>\n<p style=\"padding-left: 120px;\"><strong><span style=\"color: #00ff00;\">Mar\u00eda Ang\u00e9lica Silva Burgos<\/span><\/strong><\/p>\n<p style=\"padding-left: 120px;\"><strong><span style=\"color: #00ff00;\">Zurelys L\u00f3pez Amaya<\/span><\/strong><\/p>\n<p style=\"padding-left: 120px;\"><strong><span style=\"color: #00ff00;\">Lina Gabriela Cort\u00e9s<\/span><\/strong><\/p>\n<p style=\"padding-left: 120px;\"><strong><span style=\"color: #00ff00;\">Jenniffer Zambrano<\/span><\/strong><\/p>\n<p style=\"padding-left: 120px;\"><strong><span style=\"color: #00ff00;\">Mariana Orantes<\/span><\/strong><\/p>\n<p>&nbsp;<\/p>\n<\/div>\n<p>&nbsp;<\/p>\n<p>BECA PARCIAL #2 &#8212;<\/p>\n<p style=\"padding-left: 120px;\"><strong><span style=\"color: #00ff00;\">Cirenaica Moreira<\/span><\/strong><\/p>\n<p style=\"padding-left: 120px;\"><strong><span style=\"color: #00ff00;\">Mar\u00eda Karla P\u00e9rez Gonz\u00e1lez<\/span><\/strong><\/p>\n<p style=\"padding-left: 120px;\"><strong><span style=\"color: #00ff00;\">Yusuf Saadi<\/span><\/strong><\/p>\n<p style=\"padding-left: 120px;\"><strong><span style=\"color: #00ff00;\">Eric Flores Taylor<\/span><\/strong><\/p>\n<p style=\"padding-left: 120px;\"><strong><span style=\"color: #00ff00;\">Daniel Castro Sanchez<\/span><\/strong><\/p>\n<p style=\"padding-left: 120px;\"><strong><span style=\"color: #00ff00;\">Jackeline Rojas A.<\/span><\/strong><\/p>\n<p style=\"padding-left: 120px;\"><strong><span style=\"color: #00ff00;\">Lisett P\u00e1ez Cuba<\/span><\/strong><\/p>\n<p style=\"padding-left: 120px;\"><strong><span style=\"color: #00ff00;\">Aixa Rava<\/span><\/strong><\/p>\n<p style=\"padding-left: 120px;\"><strong><span style=\"color: #00ff00;\">Daniel MacAyza Montes<\/span><\/strong><\/p>\n<p style=\"padding-left: 120px;\"><strong><span style=\"color: #00ff00;\">Mercedes Dellatorre<\/span><\/strong><\/p>\n<p>&nbsp;<\/p>\n<p>*Sabemos que es muy dif\u00edcil generar espacios de cuidado dentro de una convocatoria, pero queremos agradecer, de todo coraz\u00f3n, a todas las personas que nos han hecho llegar sus propuestas. Ha sido un placer leerlas, adentrarse en sus pr\u00e1cticas y entrar en contacto con ellas.","protected":false},"excerpt":{"rendered":"<p>En el marco de este jurado, se recibieron muchas solicitudes de escritores de todo el mundo y un gran n\u00famero de ellas eran de una calidad impresionante. El jurado ha disfrutado mucho de todos los proyectos presentados y, una vez &hellip; <a href=\"http:\/\/canserrat.org\/es\/call-result-winter-spring-2022-residency-writers-2\">Continuar<\/a><\/p>\n","protected":false},"author":4,"featured_media":6083,"comment_status":"closed","ping_status":"closed","sticky":false,"template":"","format":"standard","meta":{"_monsterinsights_skip_tracking":false,"_monsterinsights_sitenote_active":false,"_monsterinsights_sitenote_note":"","_monsterinsights_sitenote_category":0,"footnotes":""},"categories":[22,37],"tags":[],"_links":{"self":[{"href":"http:\/\/canserrat.org\/es\/wp-json\/wp\/v2\/posts\/6414"}],"collection":[{"href":"http:\/\/canserrat.org\/es\/wp-json\/wp\/v2\/posts"}],"about":[{"href":"http:\/\/canserrat.org\/es\/wp-json\/wp\/v2\/types\/post"}],"author":[{"embeddable":true,"href":"http:\/\/canserrat.org\/es\/wp-json\/wp\/v2\/users\/4"}],"replies":[{"embeddable":true,"href":"http:\/\/canserrat.org\/es\/wp-json\/wp\/v2\/comments?post=6414"}],"version-history":[{"count":5,"href":"http:\/\/canserrat.org\/es\/wp-json\/wp\/v2\/posts\/6414\/revisions"}],"predecessor-version":[{"id":6964,"href":"http:\/\/canserrat.org\/es\/wp-json\/wp\/v2\/posts\/6414\/revisions\/6964"}],"wp:featuredmedia":[{"embeddable":true,"href":"http:\/\/canserrat.org\/es\/wp-json\/wp\/v2\/media\/6083"}],"wp:attachment":[{"href":"http:\/\/canserrat.org\/es\/wp-json\/wp\/v2\/media?parent=6414"}],"wp:term":[{"taxonomy":"category","embeddable":true,"href":"http:\/\/canserrat.org\/es\/wp-json\/wp\/v2\/categories?post=6414"},{"taxonomy":"post_tag","embeddable":true,"href":"http:\/\/canserrat.org\/es\/wp-json\/wp\/v2\/tags?post=6414"}],"curies":[{"name":"wp","href":"https:\/\/api.w.org\/{rel}","templated":true}]}}