{"id":3265,"date":"2019-03-22T11:22:05","date_gmt":"2019-03-22T11:22:05","guid":{"rendered":"http:\/\/canserrat.org\/?p=3265"},"modified":"2019-11-06T12:31:26","modified_gmt":"2019-11-06T12:31:26","slug":"bruno-caracol","status":"publish","type":"post","link":"http:\/\/canserrat.org\/es\/bruno-caracol","title":{"rendered":"Bruno Caracol"},"content":{"rendered":"<img decoding=\"async\" loading=\"lazy\" class=\" wp-image-3266 aligncenter\" src=\"http:\/\/canserrat.org\/wp-content\/uploads\/2019\/03\/bruno-300x225.jpg\" alt=\"\" width=\"283\" height=\"212\" srcset=\"http:\/\/canserrat.org\/wp-content\/uploads\/2019\/03\/bruno-300x225.jpg 300w, http:\/\/canserrat.org\/wp-content\/uploads\/2019\/03\/bruno-533x400.jpg 533w, http:\/\/canserrat.org\/wp-content\/uploads\/2019\/03\/bruno.jpg 1010w\" sizes=\"(max-width: 283px) 100vw, 283px\" \/><\/p>\n<p><span style=\"font-weight: 400;\">Bruno Caracol (1980).<\/span><\/p>\n<p><span style=\"font-weight: 400;\">Estudi\u00f3 Dise\u00f1o y Artes Visuales en la Facultad de Bellas Artes de Lisboa, donde vive,<\/span><\/p>\n<p><span style=\"font-weight: 400;\">participando en el espect\u00e1culo colectivo GMURDA. En 2017 complet\u00f3 un M\u00e1ster en<\/span><\/p>\n<p><span style=\"font-weight: 400;\">Ciencias de la comunicaci\u00f3n, en FCSH-NOVA, en torno a la idea de la &#8220;naturaleza salvaje&#8221; como una construcci\u00f3n moderna, y particip\u00f3 en el DNA Contemporary Dance Festival, en Pamplona, \u200b\u200bEspa\u00f1a y en la Bienal de Artes de Cerveira, Portugal. En los \u00faltimos a\u00f1os ha participado en diversos actos y eventos art\u00edsticos como la \u201cPlataforma Trafaria\u201d,colaboraci\u00f3n entre la Plataforma Hallo, desde Hamburgo, la Asociaci\u00f3n EDA, de Lisboa, en 2016 y la Trienal de Arquitectura de Lisboa, en 2014. Entre 2009 y 2011 form\u00f3 parte de Capacete, una residencia art\u00edstica en R\u00edo de janeiro. Durante este per\u00edodo, particip\u00f3 en el evento \u201cV: E: R:\u201d, en Terra Una, Minas Gerais;en el programa de exhibici\u00f3n CCSP, en S\u00e3o Paulo; y organiz\u00f3 junto con Mar\u00eda Moreira y Marcelo Wasem, un ciclo de eventos en \/ con artistas colectivos de R\u00edo de Janeiro, \u201cJogos de Escuta \u201d.<\/span><\/p>\n<p>Residente en Can Serrat del 02 &#8211; 31\/05\/2019<\/p>\n<p>&nbsp;<\/p>\n<h4><span style=\"color: #33cccc;\">Sobre su proceso de trabajo en la residencia &gt;&gt;<\/span><\/h4>\n<iframe src=\"\/\/docs.google.com\/viewer?url=http%3A%2F%2Fcanserrat.org%2Fwp-content%2Fuploads%2F2019%2F03%2FCheckpoint_BrunoCaracol_05-2019.pdf&hl=es&embedded=true\" class=\"gde-frame\" style=\"width:100%; height:500px; border: none;\" scrolling=\"no\"><\/iframe>\n<p class=\"gde-text\"><a href=\"http:\/\/canserrat.org\/wp-content\/uploads\/2019\/03\/Checkpoint_BrunoCaracol_05-2019.pdf\" class=\"gde-link\">Descargar (PDF, 750KB)<\/a><\/p>","protected":false},"excerpt":{"rendered":"<p>Bruno Caracol (1980). Estudi\u00f3 Dise\u00f1o y Artes Visuales en la Facultad de Bellas Artes de Lisboa, donde vive, participando en el espect\u00e1culo colectivo GMURDA. En 2017 complet\u00f3 un M\u00e1ster en Ciencias de la comunicaci\u00f3n, en FCSH-NOVA, en torno a la &hellip; <a href=\"http:\/\/canserrat.org\/es\/bruno-caracol\">Continuar<\/a><\/p>\n","protected":false},"author":4,"featured_media":3266,"comment_status":"closed","ping_status":"closed","sticky":false,"template":"","format":"standard","meta":{"_monsterinsights_skip_tracking":false,"_monsterinsights_sitenote_active":false,"_monsterinsights_sitenote_note":"","_monsterinsights_sitenote_category":0,"footnotes":""},"categories":[10,30,11],"tags":[],"_links":{"self":[{"href":"http:\/\/canserrat.org\/es\/wp-json\/wp\/v2\/posts\/3265"}],"collection":[{"href":"http:\/\/canserrat.org\/es\/wp-json\/wp\/v2\/posts"}],"about":[{"href":"http:\/\/canserrat.org\/es\/wp-json\/wp\/v2\/types\/post"}],"author":[{"embeddable":true,"href":"http:\/\/canserrat.org\/es\/wp-json\/wp\/v2\/users\/4"}],"replies":[{"embeddable":true,"href":"http:\/\/canserrat.org\/es\/wp-json\/wp\/v2\/comments?post=3265"}],"version-history":[{"count":4,"href":"http:\/\/canserrat.org\/es\/wp-json\/wp\/v2\/posts\/3265\/revisions"}],"predecessor-version":[{"id":4283,"href":"http:\/\/canserrat.org\/es\/wp-json\/wp\/v2\/posts\/3265\/revisions\/4283"}],"wp:featuredmedia":[{"embeddable":true,"href":"http:\/\/canserrat.org\/es\/wp-json\/wp\/v2\/media\/3266"}],"wp:attachment":[{"href":"http:\/\/canserrat.org\/es\/wp-json\/wp\/v2\/media?parent=3265"}],"wp:term":[{"taxonomy":"category","embeddable":true,"href":"http:\/\/canserrat.org\/es\/wp-json\/wp\/v2\/categories?post=3265"},{"taxonomy":"post_tag","embeddable":true,"href":"http:\/\/canserrat.org\/es\/wp-json\/wp\/v2\/tags?post=3265"}],"curies":[{"name":"wp","href":"https:\/\/api.w.org\/{rel}","templated":true}]}}