{"id":2748,"date":"2018-09-06T14:08:33","date_gmt":"2018-09-06T14:08:33","guid":{"rendered":"http:\/\/canserrat.org\/?p=2748"},"modified":"2019-11-05T15:31:08","modified_gmt":"2019-11-05T15:31:08","slug":"rodrigo-mendez","status":"publish","type":"post","link":"http:\/\/canserrat.org\/es\/rodrigo-mendez","title":{"rendered":"Rodrigo M\u00e9ndez"},"content":{"rendered":"<img decoding=\"async\" loading=\"lazy\" class=\"alignnone size-medium wp-image-2749 aligncenter\" src=\"http:\/\/canserrat.org\/wp-content\/uploads\/2018\/09\/Screenshot_5-223x300.jpg\" alt=\"Screenshot_5\" width=\"223\" height=\"300\" srcset=\"http:\/\/canserrat.org\/wp-content\/uploads\/2018\/09\/Screenshot_5-223x300.jpg 223w, http:\/\/canserrat.org\/wp-content\/uploads\/2018\/09\/Screenshot_5-297x400.jpg 297w, http:\/\/canserrat.org\/wp-content\/uploads\/2018\/09\/Screenshot_5.jpg 373w\" sizes=\"(max-width: 223px) 100vw, 223px\" \/><\/p>\n<p><span style=\"font-weight: 400;\">(Ciudad de M\u00e9xico, 1985) Historiador, licenciado en la Universidad Nacional <\/span><span style=\"font-weight: 400;\">Aut\u00f3noma de M\u00e9xico. Public\u00f3 su primer libro de relatos en 2014, titulado \u201cLos\u00a0<\/span><span style=\"font-weight: 400;\">peque\u00f1os cuentos del bal\u00f3n\u201d. Ex becario de la fundaci\u00f3n Under the\u00a0<\/span><span style=\"font-weight: 400;\">Volcano, hospedada en Tepoztl\u00e1n, Morelos, donde realiz\u00f3 su primera\u00a0<\/span><span style=\"font-weight: 400;\">residencia para escritores. Actualmente se encuentra escribiendo una\u00a0<\/span><span style=\"font-weight: 400;\">novela, un crossover entre la novela negra y el pulp, cuyos protagonistas\u00a0<\/span><span style=\"font-weight: 400;\">batallan contra sus or\u00edgenes de miseria, esperando alg\u00fan d\u00eda alcanzar la\u00a0<\/span><span style=\"font-weight: 400;\">misericordia.<\/span><\/p>\n<h4><\/h4>\n<h4><span style=\"color: #33cccc;\">Sobre su proceso de trabajo en la residencia &gt;&gt;<\/span><\/h4>\n<iframe src=\"\/\/docs.google.com\/viewer?url=http%3A%2F%2Fcanserrat.org%2Fwp-content%2Fuploads%2F2018%2F09%2Fcheck-point_rodrigo-mendez_05Oct2018.pdf&hl=es&embedded=true\" class=\"gde-frame\" style=\"width:100%; height:500px; border: none;\" scrolling=\"no\"><\/iframe>\n<p class=\"gde-text\"><a href=\"http:\/\/canserrat.org\/wp-content\/uploads\/2018\/09\/check-point_rodrigo-mendez_05Oct2018.pdf\" class=\"gde-link\">Descargar (PDF, 76KB)<\/a><\/p>","protected":false},"excerpt":{"rendered":"<p>(Ciudad de M\u00e9xico, 1985) Historiador, licenciado en la Universidad Nacional Aut\u00f3noma de M\u00e9xico. Public\u00f3 su primer libro de relatos en 2014, titulado \u201cLos\u00a0peque\u00f1os cuentos del bal\u00f3n\u201d. Ex becario de la fundaci\u00f3n Under the\u00a0Volcano, hospedada en Tepoztl\u00e1n, Morelos, donde realiz\u00f3 su &hellip; <a href=\"http:\/\/canserrat.org\/es\/rodrigo-mendez\">Continuar<\/a><\/p>\n","protected":false},"author":7,"featured_media":2749,"comment_status":"closed","ping_status":"closed","sticky":false,"template":"","format":"standard","meta":{"_monsterinsights_skip_tracking":false,"_monsterinsights_sitenote_active":false,"_monsterinsights_sitenote_note":"","_monsterinsights_sitenote_category":0,"footnotes":""},"categories":[10,11],"tags":[],"_links":{"self":[{"href":"http:\/\/canserrat.org\/es\/wp-json\/wp\/v2\/posts\/2748"}],"collection":[{"href":"http:\/\/canserrat.org\/es\/wp-json\/wp\/v2\/posts"}],"about":[{"href":"http:\/\/canserrat.org\/es\/wp-json\/wp\/v2\/types\/post"}],"author":[{"embeddable":true,"href":"http:\/\/canserrat.org\/es\/wp-json\/wp\/v2\/users\/7"}],"replies":[{"embeddable":true,"href":"http:\/\/canserrat.org\/es\/wp-json\/wp\/v2\/comments?post=2748"}],"version-history":[{"count":5,"href":"http:\/\/canserrat.org\/es\/wp-json\/wp\/v2\/posts\/2748\/revisions"}],"predecessor-version":[{"id":4275,"href":"http:\/\/canserrat.org\/es\/wp-json\/wp\/v2\/posts\/2748\/revisions\/4275"}],"wp:featuredmedia":[{"embeddable":true,"href":"http:\/\/canserrat.org\/es\/wp-json\/wp\/v2\/media\/2749"}],"wp:attachment":[{"href":"http:\/\/canserrat.org\/es\/wp-json\/wp\/v2\/media?parent=2748"}],"wp:term":[{"taxonomy":"category","embeddable":true,"href":"http:\/\/canserrat.org\/es\/wp-json\/wp\/v2\/categories?post=2748"},{"taxonomy":"post_tag","embeddable":true,"href":"http:\/\/canserrat.org\/es\/wp-json\/wp\/v2\/tags?post=2748"}],"curies":[{"name":"wp","href":"https:\/\/api.w.org\/{rel}","templated":true}]}}