{"id":2473,"date":"2018-07-26T13:46:42","date_gmt":"2018-07-26T13:46:42","guid":{"rendered":"http:\/\/canserrat.org\/?p=2473"},"modified":"2018-09-06T09:19:39","modified_gmt":"2018-09-06T09:19:39","slug":"frida-reyes-sanchez","status":"publish","type":"post","link":"http:\/\/canserrat.org\/es\/frida-reyes-sanchez","title":{"rendered":"Frida Reyes Sanchez"},"content":{"rendered":"<img decoding=\"async\" loading=\"lazy\" class=\"size-medium wp-image-2510 aligncenter\" src=\"http:\/\/canserrat.org\/wp-content\/uploads\/2018\/07\/CA24F592-8DD5-4BDE-8EA8-65F936C10B74-232x300.jpeg\" alt=\"CA24F592-8DD5-4BDE-8EA8-65F936C10B74\" width=\"232\" height=\"300\" srcset=\"http:\/\/canserrat.org\/wp-content\/uploads\/2018\/07\/CA24F592-8DD5-4BDE-8EA8-65F936C10B74-232x300.jpeg 232w, http:\/\/canserrat.org\/wp-content\/uploads\/2018\/07\/CA24F592-8DD5-4BDE-8EA8-65F936C10B74-792x1024.jpeg 792w, http:\/\/canserrat.org\/wp-content\/uploads\/2018\/07\/CA24F592-8DD5-4BDE-8EA8-65F936C10B74-618x800.jpeg 618w, http:\/\/canserrat.org\/wp-content\/uploads\/2018\/07\/CA24F592-8DD5-4BDE-8EA8-65F936C10B74-309x400.jpeg 309w, http:\/\/canserrat.org\/wp-content\/uploads\/2018\/07\/CA24F592-8DD5-4BDE-8EA8-65F936C10B74.jpeg 1832w\" sizes=\"(max-width: 232px) 100vw, 232px\" \/><\/p>\n<p>&nbsp;<\/p>\n<p>Frida Reyes S\u00e1nchez\/ FridAmar\u00eda (M\u00e9xico, D.F, 1993). Licenciada por la facultad de Artes Pl\u00e1sticas por parte de la Universidad Aut\u00f3noma de Baja California 2017. Ha realizado estudios en la (UCLM) Cuenca, Espa\u00f1a. Particip\u00f3 en el taller \u201cSutiles Decisiones\u201d de Relaciones Inesperadas, 2017. Exposiciones recientes incuyen Sogied parte I \u201cESIS\u201d (2018, CEART), \u201cLos Sogied\u201d en Cetys Universidad, 2017, campus Tijuana, \u201cBLUE_IN\u201d arte interactivo 2016, Casa Azul de Cuenca, Espa\u00f1a. Seleccionada para Residencia Art\u00edstica de producci\u00f3n en CAN SERRAT, en agosto del 2018. Participa en la \u201cBienal del Noroeste 2017-2018. Residencia de investigaci\u00f3n \u201cTHE REAL FAKE\u201d con sede en San Pablo, Brasil, junio 2017, ideado y producido por Curadur\u00eda Forense. Ponente durante el Encuentro Internacional de Arte y Comunidad \u201cDE USO COM\u00daN\u201d realizado el 17 y 18 de Junio en la ciudad de Sao Paulo, Brasil, donde present\u00f3: \u201cRep\u00fablica para la Rep\u00fablica\u201d.","protected":false},"excerpt":{"rendered":"<p>&nbsp; Frida Reyes S\u00e1nchez\/ FridAmar\u00eda (M\u00e9xico, D.F, 1993). Licenciada por la facultad de Artes Pl\u00e1sticas por parte de la Universidad Aut\u00f3noma de Baja California 2017. Ha realizado estudios en la (UCLM) Cuenca, Espa\u00f1a. Particip\u00f3 en el taller \u201cSutiles Decisiones\u201d de &hellip; <a href=\"http:\/\/canserrat.org\/es\/frida-reyes-sanchez\">Continuar<\/a><\/p>\n","protected":false},"author":7,"featured_media":2510,"comment_status":"closed","ping_status":"closed","sticky":false,"template":"","format":"standard","meta":{"_monsterinsights_skip_tracking":false,"_monsterinsights_sitenote_active":false,"_monsterinsights_sitenote_note":"","_monsterinsights_sitenote_category":0,"footnotes":""},"categories":[10,11],"tags":[],"_links":{"self":[{"href":"http:\/\/canserrat.org\/es\/wp-json\/wp\/v2\/posts\/2473"}],"collection":[{"href":"http:\/\/canserrat.org\/es\/wp-json\/wp\/v2\/posts"}],"about":[{"href":"http:\/\/canserrat.org\/es\/wp-json\/wp\/v2\/types\/post"}],"author":[{"embeddable":true,"href":"http:\/\/canserrat.org\/es\/wp-json\/wp\/v2\/users\/7"}],"replies":[{"embeddable":true,"href":"http:\/\/canserrat.org\/es\/wp-json\/wp\/v2\/comments?post=2473"}],"version-history":[{"count":2,"href":"http:\/\/canserrat.org\/es\/wp-json\/wp\/v2\/posts\/2473\/revisions"}],"predecessor-version":[{"id":2511,"href":"http:\/\/canserrat.org\/es\/wp-json\/wp\/v2\/posts\/2473\/revisions\/2511"}],"wp:featuredmedia":[{"embeddable":true,"href":"http:\/\/canserrat.org\/es\/wp-json\/wp\/v2\/media\/2510"}],"wp:attachment":[{"href":"http:\/\/canserrat.org\/es\/wp-json\/wp\/v2\/media?parent=2473"}],"wp:term":[{"taxonomy":"category","embeddable":true,"href":"http:\/\/canserrat.org\/es\/wp-json\/wp\/v2\/categories?post=2473"},{"taxonomy":"post_tag","embeddable":true,"href":"http:\/\/canserrat.org\/es\/wp-json\/wp\/v2\/tags?post=2473"}],"curies":[{"name":"wp","href":"https:\/\/api.w.org\/{rel}","templated":true}]}}