{"id":2416,"date":"2018-07-11T14:05:20","date_gmt":"2018-07-11T14:05:20","guid":{"rendered":"http:\/\/canserrat.org\/?p=2416"},"modified":"2019-11-05T12:43:18","modified_gmt":"2019-11-05T12:43:18","slug":"rodrigo-guillo-villar","status":"publish","type":"post","link":"http:\/\/canserrat.org\/es\/rodrigo-guillo-villar","title":{"rendered":"Rodrigo (Guillo) Villar"},"content":{"rendered":"<img decoding=\"async\" loading=\"lazy\" class=\"size-medium wp-image-2417 aligncenter\" src=\"http:\/\/canserrat.org\/wp-content\/uploads\/2018\/07\/Guilo-Villar_foto-300x200.jpg\" alt=\"\" width=\"300\" height=\"200\" srcset=\"http:\/\/canserrat.org\/wp-content\/uploads\/2018\/07\/Guilo-Villar_foto-300x200.jpg 300w, http:\/\/canserrat.org\/wp-content\/uploads\/2018\/07\/Guilo-Villar_foto-1024x683.jpg 1024w, http:\/\/canserrat.org\/wp-content\/uploads\/2018\/07\/Guilo-Villar_foto-1200x800.jpg 1200w, http:\/\/canserrat.org\/wp-content\/uploads\/2018\/07\/Guilo-Villar_foto-600x400.jpg 600w\" sizes=\"(max-width: 300px) 100vw, 300px\" \/><\/p>\n<p>&nbsp;<\/p>\n<p>Rodrigo &#8220;Guilo&#8221; Villar es, ante todo, un m\u00fasico auto-gestionado, multiinstrumentista y compositor. Pianista de formaci\u00f3n cl\u00e1sica y acad\u00e9mica recibido en el conservatorio superior de m\u00fasica \u201cManuel de Falla\u201d. Ha desarrollado una intensa labor educativa en la transcripci\u00f3n para piano de numerosas piezas de la m\u00fasica popular latinoamericana, traduciendo y arreglando canciones de autores como Fito P\u00e1ez, Charly Garc\u00eda, L. A. Spinetta, Silvio Rodriguez, entre otros, con el fin de incluir a la canci\u00f3n popular dentro de la formaci\u00f3n en las nuevas generaciones de artistas. En 2015 edita su primer material solista \u201cY nosotros sin el sol\u201d bajo la producci\u00f3n art\u00edstica de Guido Cefaly y con Ariel Lavigna como ingeniero de mezcla. En Can Serrat terminar\u00e1 de componer su segundo material discogr\u00e1fico &#8220;Amancay&#8221;, un proyecto cuyo eje se centra en la experimentaci\u00f3n sonora desde cotidi\u00e1fonos (caja de m\u00fasica, m\u00e1quina de escribir, piano de juguete) que se entrecruzan con un formato m\u00e1s convencional ligado al pop, al rock o a la electr\u00f3nica, siempre con la intenci\u00f3n de que la canci\u00f3n deje de ser mencionada como un formato para ser reconocida como un lenguaje universal.","protected":false},"excerpt":{"rendered":"<p>&nbsp; Rodrigo &#8220;Guilo&#8221; Villar es, ante todo, un m\u00fasico auto-gestionado, multiinstrumentista y compositor. Pianista de formaci\u00f3n cl\u00e1sica y acad\u00e9mica recibido en el conservatorio superior de m\u00fasica \u201cManuel de Falla\u201d. Ha desarrollado una intensa labor educativa en la transcripci\u00f3n para piano &hellip; <a href=\"http:\/\/canserrat.org\/es\/rodrigo-guillo-villar\">Continuar<\/a><\/p>\n","protected":false},"author":7,"featured_media":2417,"comment_status":"closed","ping_status":"closed","sticky":false,"template":"","format":"standard","meta":{"_monsterinsights_skip_tracking":false,"_monsterinsights_sitenote_active":false,"_monsterinsights_sitenote_note":"","_monsterinsights_sitenote_category":0,"footnotes":""},"categories":[10,11],"tags":[],"_links":{"self":[{"href":"http:\/\/canserrat.org\/es\/wp-json\/wp\/v2\/posts\/2416"}],"collection":[{"href":"http:\/\/canserrat.org\/es\/wp-json\/wp\/v2\/posts"}],"about":[{"href":"http:\/\/canserrat.org\/es\/wp-json\/wp\/v2\/types\/post"}],"author":[{"embeddable":true,"href":"http:\/\/canserrat.org\/es\/wp-json\/wp\/v2\/users\/7"}],"replies":[{"embeddable":true,"href":"http:\/\/canserrat.org\/es\/wp-json\/wp\/v2\/comments?post=2416"}],"version-history":[{"count":2,"href":"http:\/\/canserrat.org\/es\/wp-json\/wp\/v2\/posts\/2416\/revisions"}],"predecessor-version":[{"id":4264,"href":"http:\/\/canserrat.org\/es\/wp-json\/wp\/v2\/posts\/2416\/revisions\/4264"}],"wp:featuredmedia":[{"embeddable":true,"href":"http:\/\/canserrat.org\/es\/wp-json\/wp\/v2\/media\/2417"}],"wp:attachment":[{"href":"http:\/\/canserrat.org\/es\/wp-json\/wp\/v2\/media?parent=2416"}],"wp:term":[{"taxonomy":"category","embeddable":true,"href":"http:\/\/canserrat.org\/es\/wp-json\/wp\/v2\/categories?post=2416"},{"taxonomy":"post_tag","embeddable":true,"href":"http:\/\/canserrat.org\/es\/wp-json\/wp\/v2\/tags?post=2416"}],"curies":[{"name":"wp","href":"https:\/\/api.w.org\/{rel}","templated":true}]}}