{"id":2135,"date":"2018-03-07T12:19:07","date_gmt":"2018-03-07T12:19:07","guid":{"rendered":"http:\/\/canserrat.org\/?p=2135"},"modified":"2018-03-29T16:47:59","modified_gmt":"2018-03-29T16:47:59","slug":"agostina-flamini","status":"publish","type":"post","link":"http:\/\/canserrat.org\/es\/agostina-flamini","title":{"rendered":"Agostina Flamini"},"content":{"rendered":"<span style=\"font-weight: 400;\">Agostina Flamini\u00a0(Salta- Argentina 1988) es gestora cultural independiente, artista visual licenciada en Bellas Artes y Magister en Investigaci\u00f3n y Creaci\u00f3n en Arte por la Universidad Complutenses de Madrid, tambi\u00e9n ha realizado cursos espec\u00edficos de Fotograf\u00eda, Gesti\u00f3n Cultural, Cl\u00ednicas de Arte y un posgrado en Arte e Intervenci\u00f3n Social.<\/span><\/p>\n<p><span style=\"font-weight: 400;\">Asume la pr\u00e1ctica art\u00edstica desde la experiencia cotidiana. Sus procesos de producci\u00f3n est\u00e1n atravesados por la alteraci\u00f3n y descontextualizaci\u00f3n, desconstrucci\u00f3n y construcci\u00f3n de objetos e im\u00e1genes; trabajando desde lo \u00edntimo, sin pautas previas, en desarrollos que se hacen visibles a partir de ese trabajo diario, que abren caminos, alteran sentidos y que pretenden hacer m\u00e1s densa su carga simb\u00f3lica.<\/span><\/p>\n<p><span style=\"font-weight: 400;\">Entre ellos se pueden citar la fotograf\u00eda, textos, v\u00eddeoarte, audios y dibujos. Cada uno de sus proyectos est\u00e1 pensado a modo de intervenci\u00f3n de acuerdo a los aspectos f\u00edsicos de los espacios en los que se desarrollan y se exponen.<\/span><\/p>\n<p><span style=\"font-weight: 400;\">Actualmente reside en Madrid y compatibiliza su investigaci\u00f3n art\u00edstica con su labor de gesti\u00f3n en La Carbonera, espacio cultural alternativo autogestionado fundado en 2015, del cual es una de las fundadoras.<\/span><\/p>\n<p><a href=\"https:\/\/www.agostinaflamini.com\/\" target=\"_blank\">Agostini Flamini Web<\/a>","protected":false},"excerpt":{"rendered":"<p>Agostina Flamini\u00a0(Salta- Argentina 1988) es gestora cultural independiente, artista visual licenciada en Bellas Artes y Magister en Investigaci\u00f3n y Creaci\u00f3n en Arte por la Universidad Complutenses de Madrid, tambi\u00e9n ha realizado cursos espec\u00edficos de Fotograf\u00eda, Gesti\u00f3n Cultural, Cl\u00ednicas de Arte &hellip; <a href=\"http:\/\/canserrat.org\/es\/agostina-flamini\">Continuar<\/a><\/p>\n","protected":false},"author":3,"featured_media":2152,"comment_status":"closed","ping_status":"closed","sticky":false,"template":"","format":"standard","meta":{"_monsterinsights_skip_tracking":false,"_monsterinsights_sitenote_active":false,"_monsterinsights_sitenote_note":"","_monsterinsights_sitenote_category":0,"footnotes":""},"categories":[10,11],"tags":[],"_links":{"self":[{"href":"http:\/\/canserrat.org\/es\/wp-json\/wp\/v2\/posts\/2135"}],"collection":[{"href":"http:\/\/canserrat.org\/es\/wp-json\/wp\/v2\/posts"}],"about":[{"href":"http:\/\/canserrat.org\/es\/wp-json\/wp\/v2\/types\/post"}],"author":[{"embeddable":true,"href":"http:\/\/canserrat.org\/es\/wp-json\/wp\/v2\/users\/3"}],"replies":[{"embeddable":true,"href":"http:\/\/canserrat.org\/es\/wp-json\/wp\/v2\/comments?post=2135"}],"version-history":[{"count":2,"href":"http:\/\/canserrat.org\/es\/wp-json\/wp\/v2\/posts\/2135\/revisions"}],"predecessor-version":[{"id":2153,"href":"http:\/\/canserrat.org\/es\/wp-json\/wp\/v2\/posts\/2135\/revisions\/2153"}],"wp:featuredmedia":[{"embeddable":true,"href":"http:\/\/canserrat.org\/es\/wp-json\/wp\/v2\/media\/2152"}],"wp:attachment":[{"href":"http:\/\/canserrat.org\/es\/wp-json\/wp\/v2\/media?parent=2135"}],"wp:term":[{"taxonomy":"category","embeddable":true,"href":"http:\/\/canserrat.org\/es\/wp-json\/wp\/v2\/categories?post=2135"},{"taxonomy":"post_tag","embeddable":true,"href":"http:\/\/canserrat.org\/es\/wp-json\/wp\/v2\/tags?post=2135"}],"curies":[{"name":"wp","href":"https:\/\/api.w.org\/{rel}","templated":true}]}}