{"id":1745,"date":"2017-12-07T10:24:46","date_gmt":"2017-12-07T10:24:46","guid":{"rendered":"http:\/\/canserrat.org\/?p=1745"},"modified":"2017-12-22T12:42:35","modified_gmt":"2017-12-22T12:42:35","slug":"maria-palmeiro","status":"publish","type":"post","link":"http:\/\/canserrat.org\/es\/maria-palmeiro","title":{"rendered":"Maria Palmeiro"},"content":{"rendered":"<p class=\"m_6503800732713361692gmail-MsoNormal\"><span lang=\"ES-CL\">Maria es graduada en arquitectura y urbanismo de la <b>PUC <\/b>\u2013 Rio. Se dedica a la pintura desde el 2011. Actualmente esta en proceso de <b>finalizar <\/b>una maestr\u00eda en el programa de <b>posgrado\u00a0<\/b>en artes esc\u00e9nicas, en la Escuela de Comunicaci\u00f3n (ECO) de la Universidad Federal de Rio de Janeiro (UFRJ), donde investiga pintura y <i>performance<\/i>. Bajo el t\u00edtulo de \u201cTaller performativo\u201d, se di\u00f3\u00a0<b>cuenta de<\/b> las relaciones de trabajo y acci\u00f3n, espacio expositivo y espacio de trabajo, lo p\u00fablico y lo privado, acci\u00f3n y pintura, as\u00ed como de la intersecci\u00f3n entre pr\u00e1ctica y teor\u00eda en el campo del arte. En el <b>per\u00edodo <\/b>de residencia en Can Serrat, estar\u00e9 trabajando con una serie de pinturas <b>tituladas <\/b>\u201cRitmos\u201d, que combinan color, estructura y dise\u00f1o en movimientos <b>que representan<\/b>\u00a0<b>\u00a0los pares\u00a0<\/b>arte y vida, obra y pr\u00e1ctica, pintura y partitura.<\/span><\/p>\n<p class=\"m_6503800732713361692gmail-MsoNormal\"><span lang=\"ES-CL\"><a href=\"http:\/\/mariapalmeiro.com\/\" target=\"_blank\" data-saferedirecturl=\"https:\/\/www.google.com\/url?hl=es&amp;q=http:\/\/mariapalmeiro.com&amp;source=gmail&amp;ust=1512725676185000&amp;usg=AFQjCNFDrEbBdfTSCXUIxbt6f2mASQZI0A\">mariapalmeiro.com<\/a><\/span><\/p>","protected":false},"excerpt":{"rendered":"<p>Maria es graduada en arquitectura y urbanismo de la PUC \u2013 Rio. Se dedica a la pintura desde el 2011. Actualmente esta en proceso de finalizar una maestr\u00eda en el programa de posgrado\u00a0en artes esc\u00e9nicas, en la Escuela de Comunicaci\u00f3n &hellip; <a href=\"http:\/\/canserrat.org\/es\/maria-palmeiro\">Continuar<\/a><\/p>\n","protected":false},"author":3,"featured_media":1746,"comment_status":"closed","ping_status":"closed","sticky":false,"template":"","format":"standard","meta":{"_monsterinsights_skip_tracking":false,"_monsterinsights_sitenote_active":false,"_monsterinsights_sitenote_note":"","_monsterinsights_sitenote_category":0,"footnotes":""},"categories":[10,11],"tags":[],"_links":{"self":[{"href":"http:\/\/canserrat.org\/es\/wp-json\/wp\/v2\/posts\/1745"}],"collection":[{"href":"http:\/\/canserrat.org\/es\/wp-json\/wp\/v2\/posts"}],"about":[{"href":"http:\/\/canserrat.org\/es\/wp-json\/wp\/v2\/types\/post"}],"author":[{"embeddable":true,"href":"http:\/\/canserrat.org\/es\/wp-json\/wp\/v2\/users\/3"}],"replies":[{"embeddable":true,"href":"http:\/\/canserrat.org\/es\/wp-json\/wp\/v2\/comments?post=1745"}],"version-history":[{"count":1,"href":"http:\/\/canserrat.org\/es\/wp-json\/wp\/v2\/posts\/1745\/revisions"}],"predecessor-version":[{"id":1747,"href":"http:\/\/canserrat.org\/es\/wp-json\/wp\/v2\/posts\/1745\/revisions\/1747"}],"wp:featuredmedia":[{"embeddable":true,"href":"http:\/\/canserrat.org\/es\/wp-json\/wp\/v2\/media\/1746"}],"wp:attachment":[{"href":"http:\/\/canserrat.org\/es\/wp-json\/wp\/v2\/media?parent=1745"}],"wp:term":[{"taxonomy":"category","embeddable":true,"href":"http:\/\/canserrat.org\/es\/wp-json\/wp\/v2\/categories?post=1745"},{"taxonomy":"post_tag","embeddable":true,"href":"http:\/\/canserrat.org\/es\/wp-json\/wp\/v2\/tags?post=1745"}],"curies":[{"name":"wp","href":"https:\/\/api.w.org\/{rel}","templated":true}]}}