{"id":1381,"date":"2017-07-14T17:12:57","date_gmt":"2017-07-14T17:12:57","guid":{"rendered":"http:\/\/canserrat.org\/?p=1381"},"modified":"2019-10-29T12:53:48","modified_gmt":"2019-10-29T12:53:48","slug":"yafit-moyal","status":"publish","type":"post","link":"http:\/\/canserrat.org\/es\/yafit-moyal","title":{"rendered":"Yafit Moyal"},"content":{"rendered":"<span style=\"font-weight: 400;\"><img decoding=\"async\" loading=\"lazy\" class=\"size-medium wp-image-1382 aligncenter\" src=\"http:\/\/canserrat.org\/wp-content\/uploads\/2017\/07\/DSC08459-3-300x200.jpg\" alt=\"\" width=\"300\" height=\"200\" srcset=\"http:\/\/canserrat.org\/wp-content\/uploads\/2017\/07\/DSC08459-3-300x200.jpg 300w, http:\/\/canserrat.org\/wp-content\/uploads\/2017\/07\/DSC08459-3-1024x684.jpg 1024w\" sizes=\"(max-width: 300px) 100vw, 300px\" \/><\/span><\/p>\n<p>&nbsp;<\/p>\n<p><span style=\"font-weight: 400;\">Me gradu\u00e9\u00a0de la Academia Bezalel de arte, Jerusal\u00e9n, donde gan\u00e9 <\/span><b>el &#8220;Premio Banco Leumi&#8221; por el excepcional proyecto final.<\/b><span style=\"font-weight: 400;\"> Soy un artista multidisciplinaria, trabajo en el campo de\u00a0<\/span><b>teatro y la danza. <\/b><span style=\"font-weight: 400;\">Crec\u00ed en Israel en una familia religiosa. Pero a medida que crec\u00ed, pas\u00e9 por un proceso de secularizaci\u00f3n, que fue un <\/span><b>punto de inflexi\u00f3n<\/b><span style=\"font-weight: 400;\"> en mi vida, y me hizo querer explorar, entender mi cuerpo. Mi obra pretende reflejar\u00a0la estrecha conexi\u00f3n entre el cuerpo y el alma.<\/span><\/p>\n<p><b>Considero el performance como un\u00a0lenguaje b\u00e1sico. <\/b><span style=\"font-weight: 400;\">Por el desenfoque del l\u00edmite entre la identidad personal del artista y el arte. <\/span><b>En el arte vivo, mi cuerpo, personalidad y experiencia se convierten en las materias primas. Se convierten en uno<\/b><span style=\"font-weight: 400;\">.<\/span><\/p>\n<p><span style=\"font-weight: 400;\">En mi arte, me ocupo con las cuestiones que me han atormentado desde la\u00a0contemplaci\u00f3n de mis\u00a0dudas. Yo exploro nociones de <\/span><b>sexualidad femenina, los deseos perdidos, represi\u00f3n y el dolor.<\/b><\/p>\n<p><span style=\"font-weight: 400;\">Deseo crear <\/span><b>im\u00e1genes significativas<\/b><span style=\"font-weight: 400;\"> en mis obras, para los ojos y el alma del espectador y as\u00ed llamar la atenci\u00f3n <\/span><b>los lugares que la mirada<\/b> <b>evita<\/b><span style=\"font-weight: 400;\">.<\/span><\/p>\n<p><span style=\"font-weight: 400;\">En el a\u00f1o 2016 he participado en la <\/span><b>&#8220;Incubadora del artistas&#8221;<\/b> <b>del &#8220;Ensamble Internacional de Teatro Tziporela&#8221;, donde gan\u00e9 una beca de desarrollo del &#8220;Centre Stage&#8221; de Tel Aviv.\u00a0<\/b><span style=\"font-weight: 400;\">En el mismo a\u00f1o tambi\u00e9n\u00a0gan\u00e9 el <\/span><b>premio &#8220;Creador y Creaci\u00f3n&#8221;<\/b><span style=\"font-weight: 400;\"> por mi gui\u00f3n para un largometraje <\/span><b>&#8220;El Hoyo&#8221;<\/b><span style=\"font-weight: 400;\">, en <\/span><b>&#8220;Festival de Cine de Sur&#8221;<\/b><span style=\"font-weight: 400;\">.<\/span><\/p>\n<p>Durante mi residencia en Can Serrat trabajar\u00e9 en <b>La Ara\u00f1a <\/b>que<span style=\"font-weight: 400;\"> es una obra solitario de Teatro-Visual y Danza, que escrib\u00ed en Espa\u00f1ol.<\/span><\/p>\n<p><b>La ara\u00f1a<\/b><span style=\"font-weight: 400;\"> es una mujer que se transform\u00f3 de una mujer a una ara\u00f1a. Su cuerpo, conducido por el miedo de la penetraci\u00f3n y experimentando la contracci\u00f3n involuntaria, cre\u00f3 una inhabilidad para tener penetraci\u00f3n sexual para protegerse.<\/span><\/p>\n<p>Pero \u00bfpor qu\u00e9 la penetraci\u00f3n la amenaza tanto?","protected":false},"excerpt":{"rendered":"<p>&nbsp; Me gradu\u00e9\u00a0de la Academia Bezalel de arte, Jerusal\u00e9n, donde gan\u00e9 el &#8220;Premio Banco Leumi&#8221; por el excepcional proyecto final. Soy un artista multidisciplinaria, trabajo en el campo de\u00a0teatro y la danza. Crec\u00ed en Israel en una familia religiosa. Pero &hellip; <a href=\"http:\/\/canserrat.org\/es\/yafit-moyal\">Continuar<\/a><\/p>\n","protected":false},"author":3,"featured_media":1382,"comment_status":"closed","ping_status":"closed","sticky":false,"template":"","format":"standard","meta":{"_monsterinsights_skip_tracking":false,"_monsterinsights_sitenote_active":false,"_monsterinsights_sitenote_note":"","_monsterinsights_sitenote_category":0,"footnotes":""},"categories":[10,11],"tags":[],"_links":{"self":[{"href":"http:\/\/canserrat.org\/es\/wp-json\/wp\/v2\/posts\/1381"}],"collection":[{"href":"http:\/\/canserrat.org\/es\/wp-json\/wp\/v2\/posts"}],"about":[{"href":"http:\/\/canserrat.org\/es\/wp-json\/wp\/v2\/types\/post"}],"author":[{"embeddable":true,"href":"http:\/\/canserrat.org\/es\/wp-json\/wp\/v2\/users\/3"}],"replies":[{"embeddable":true,"href":"http:\/\/canserrat.org\/es\/wp-json\/wp\/v2\/comments?post=1381"}],"version-history":[{"count":2,"href":"http:\/\/canserrat.org\/es\/wp-json\/wp\/v2\/posts\/1381\/revisions"}],"predecessor-version":[{"id":4194,"href":"http:\/\/canserrat.org\/es\/wp-json\/wp\/v2\/posts\/1381\/revisions\/4194"}],"wp:featuredmedia":[{"embeddable":true,"href":"http:\/\/canserrat.org\/es\/wp-json\/wp\/v2\/media\/1382"}],"wp:attachment":[{"href":"http:\/\/canserrat.org\/es\/wp-json\/wp\/v2\/media?parent=1381"}],"wp:term":[{"taxonomy":"category","embeddable":true,"href":"http:\/\/canserrat.org\/es\/wp-json\/wp\/v2\/categories?post=1381"},{"taxonomy":"post_tag","embeddable":true,"href":"http:\/\/canserrat.org\/es\/wp-json\/wp\/v2\/tags?post=1381"}],"curies":[{"name":"wp","href":"https:\/\/api.w.org\/{rel}","templated":true}]}}