{"id":1363,"date":"2017-06-30T11:15:34","date_gmt":"2017-06-30T11:15:34","guid":{"rendered":"http:\/\/canserrat.org\/?p=1363"},"modified":"2019-10-29T13:16:39","modified_gmt":"2019-10-29T13:16:39","slug":"cecilia-lutufyan","status":"publish","type":"post","link":"http:\/\/canserrat.org\/es\/cecilia-lutufyan","title":{"rendered":"Cecilia Lutufyan"},"content":{"rendered":"<span style=\"font-weight: 400;\"><img decoding=\"async\" loading=\"lazy\" class=\"size-medium wp-image-1364 aligncenter\" src=\"http:\/\/canserrat.org\/wp-content\/uploads\/2017\/06\/Lutufyan-300x225.jpg\" alt=\"\" width=\"300\" height=\"225\" srcset=\"http:\/\/canserrat.org\/wp-content\/uploads\/2017\/06\/Lutufyan-300x225.jpg 300w, http:\/\/canserrat.org\/wp-content\/uploads\/2017\/06\/Lutufyan-533x400.jpg 533w, http:\/\/canserrat.org\/wp-content\/uploads\/2017\/06\/Lutufyan.jpg 1000w\" sizes=\"(max-width: 300px) 100vw, 300px\" \/><\/span><\/p>\n<p>&nbsp;<\/p>\n<p><span style=\"font-weight: 400;\">Nac\u00ed en Buenos Aires, Argentina en 1973. Actualmente trabajo y resido en Madrid. Fui becada para realizar el M\u00e1ster PhotoEspa\u00f1a, Teor\u00edas y Proyectos art\u00edsticos en Madrid (2015 y 2016) y me form\u00e9 en varias cl\u00ednicas de artistas.<\/span><\/p>\n<p><span style=\"font-weight: 400;\">Pienso el arte como ciencia y las piezas como poes\u00eda cient\u00edfica. Me hubiera gustado estudiar astronom\u00eda o bot\u00e1nica; o mejor a\u00fan ser astrobi\u00f3loga y confiar en que en alg\u00fan lugar del universo existe algo vivo que no est\u00e1 formado por carbono ni requiere de agua y puede tolerar hasta radiaciones gama; o postular las infinitas posibilidades que puede tener algo que a\u00fan no naci\u00f3 y tampoco acab\u00f3.<\/span><\/p>\n<p><a href=\"http:\/\/www.cecilialutufyan.com\"><span style=\"font-weight: 400;\">www.cecilialutufyan.com<\/span><\/a><\/p>\n<p>&nbsp;<\/p>\n<h4><span style=\"color: #33cccc;\">Sobre su proceso de trabajo en la residencia &gt;&gt;&gt;<\/span><\/h4>\n<iframe src=\"\/\/docs.google.com\/viewer?url=http%3A%2F%2Fcanserrat.org%2Fwp-content%2Fuploads%2F2017%2F06%2Fcheckpoint_Lutufyan_julio2017.pdf&hl=es&embedded=true\" class=\"gde-frame\" style=\"width:100%; height:500px; border: none;\" scrolling=\"no\"><\/iframe>\n<p class=\"gde-text\"><a href=\"http:\/\/canserrat.org\/wp-content\/uploads\/2017\/06\/checkpoint_Lutufyan_julio2017.pdf\" class=\"gde-link\">Descargar (PDF, 7.43MB)<\/a><\/p>","protected":false},"excerpt":{"rendered":"<p>&nbsp; Nac\u00ed en Buenos Aires, Argentina en 1973. Actualmente trabajo y resido en Madrid. Fui becada para realizar el M\u00e1ster PhotoEspa\u00f1a, Teor\u00edas y Proyectos art\u00edsticos en Madrid (2015 y 2016) y me form\u00e9 en varias cl\u00ednicas de artistas. Pienso el &hellip; <a href=\"http:\/\/canserrat.org\/es\/cecilia-lutufyan\">Continuar<\/a><\/p>\n","protected":false},"author":3,"featured_media":1364,"comment_status":"closed","ping_status":"closed","sticky":false,"template":"","format":"standard","meta":{"_monsterinsights_skip_tracking":false,"_monsterinsights_sitenote_active":false,"_monsterinsights_sitenote_note":"","_monsterinsights_sitenote_category":0,"footnotes":""},"categories":[10,11],"tags":[],"_links":{"self":[{"href":"http:\/\/canserrat.org\/es\/wp-json\/wp\/v2\/posts\/1363"}],"collection":[{"href":"http:\/\/canserrat.org\/es\/wp-json\/wp\/v2\/posts"}],"about":[{"href":"http:\/\/canserrat.org\/es\/wp-json\/wp\/v2\/types\/post"}],"author":[{"embeddable":true,"href":"http:\/\/canserrat.org\/es\/wp-json\/wp\/v2\/users\/3"}],"replies":[{"embeddable":true,"href":"http:\/\/canserrat.org\/es\/wp-json\/wp\/v2\/comments?post=1363"}],"version-history":[{"count":2,"href":"http:\/\/canserrat.org\/es\/wp-json\/wp\/v2\/posts\/1363\/revisions"}],"predecessor-version":[{"id":4199,"href":"http:\/\/canserrat.org\/es\/wp-json\/wp\/v2\/posts\/1363\/revisions\/4199"}],"wp:featuredmedia":[{"embeddable":true,"href":"http:\/\/canserrat.org\/es\/wp-json\/wp\/v2\/media\/1364"}],"wp:attachment":[{"href":"http:\/\/canserrat.org\/es\/wp-json\/wp\/v2\/media?parent=1363"}],"wp:term":[{"taxonomy":"category","embeddable":true,"href":"http:\/\/canserrat.org\/es\/wp-json\/wp\/v2\/categories?post=1363"},{"taxonomy":"post_tag","embeddable":true,"href":"http:\/\/canserrat.org\/es\/wp-json\/wp\/v2\/tags?post=1363"}],"curies":[{"name":"wp","href":"https:\/\/api.w.org\/{rel}","templated":true}]}}