{"id":1109,"date":"2017-03-25T12:19:14","date_gmt":"2017-03-25T12:19:14","guid":{"rendered":"http:\/\/canserrat.org\/?p=1109"},"modified":"2019-10-28T12:32:04","modified_gmt":"2019-10-28T12:32:04","slug":"anne-kristin-kristiansen","status":"publish","type":"post","link":"http:\/\/canserrat.org\/es\/anne-kristin-kristiansen","title":{"rendered":"Anne Kristin Kristiansen"},"content":{"rendered":"<img decoding=\"async\" loading=\"lazy\" class=\"size-medium wp-image-1110 aligncenter\" src=\"http:\/\/canserrat.org\/wp-content\/uploads\/2017\/03\/Passfoto_LinkedIn-1-240x300.jpg\" alt=\"\" width=\"240\" height=\"300\" srcset=\"http:\/\/canserrat.org\/wp-content\/uploads\/2017\/03\/Passfoto_LinkedIn-1-240x300.jpg 240w, http:\/\/canserrat.org\/wp-content\/uploads\/2017\/03\/Passfoto_LinkedIn-1.jpg 286w\" sizes=\"(max-width: 240px) 100vw, 240px\" \/><\/p>\n<p>&nbsp;<\/p>\n<p>Acab\u00e9 mis estudios de M\u00e1ster en Junio de 2016 en la Royal Art Academy de Copenhage. Antes me hab\u00eda graduado en Filosof\u00eda y Cultura en 2013 y en la Academia de Arte en 2012 en Essen.<\/p>\n<p>Trabajo en el campo de las artes visuales. Empec\u00e9 con pintura, m\u00e1s tarde progres\u00e9 hacia el medio escult\u00f3rico, grabado e instalaci\u00f3n, pero mi trabajo continua girando entorno al medio pict\u00f3rico.<\/p>\n<p>En mi trabajo trato con la traducci\u00f3n fen\u00f3menos y momentos observados. A mi entender, la traducci\u00f3n es algo que ocurre siempre y en todos lados: en una proceso comunicativo, viendo arte, en el proceso creativo y en la escritura. Pero la traducci\u00f3n no suele convertirse en una cuesti\u00f3n en s\u00ed misma. Este nuevo resultado -proveniente de la traducci\u00f3n- es lo que elaboro en mi pr\u00e1ctica art\u00edstica, que intento hacer visible al espectador y, haciendo esto, abro la posibilidad de conectarlo a nuevos discursos.<\/p>\n<p>&nbsp;<\/p>\n<p><a href=\"http:\/\/annekristinkristiansen.com\">annekristinkristiansen.com<\/a>","protected":false},"excerpt":{"rendered":"<p>&nbsp; Acab\u00e9 mis estudios de M\u00e1ster en Junio de 2016 en la Royal Art Academy de Copenhage. Antes me hab\u00eda graduado en Filosof\u00eda y Cultura en 2013 y en la Academia de Arte en 2012 en Essen. Trabajo en el &hellip; <a href=\"http:\/\/canserrat.org\/es\/anne-kristin-kristiansen\">Continuar<\/a><\/p>\n","protected":false},"author":3,"featured_media":1110,"comment_status":"closed","ping_status":"closed","sticky":false,"template":"","format":"standard","meta":{"_monsterinsights_skip_tracking":false,"_monsterinsights_sitenote_active":false,"_monsterinsights_sitenote_note":"","_monsterinsights_sitenote_category":0,"footnotes":""},"categories":[10,11],"tags":[],"_links":{"self":[{"href":"http:\/\/canserrat.org\/es\/wp-json\/wp\/v2\/posts\/1109"}],"collection":[{"href":"http:\/\/canserrat.org\/es\/wp-json\/wp\/v2\/posts"}],"about":[{"href":"http:\/\/canserrat.org\/es\/wp-json\/wp\/v2\/types\/post"}],"author":[{"embeddable":true,"href":"http:\/\/canserrat.org\/es\/wp-json\/wp\/v2\/users\/3"}],"replies":[{"embeddable":true,"href":"http:\/\/canserrat.org\/es\/wp-json\/wp\/v2\/comments?post=1109"}],"version-history":[{"count":2,"href":"http:\/\/canserrat.org\/es\/wp-json\/wp\/v2\/posts\/1109\/revisions"}],"predecessor-version":[{"id":4159,"href":"http:\/\/canserrat.org\/es\/wp-json\/wp\/v2\/posts\/1109\/revisions\/4159"}],"wp:featuredmedia":[{"embeddable":true,"href":"http:\/\/canserrat.org\/es\/wp-json\/wp\/v2\/media\/1110"}],"wp:attachment":[{"href":"http:\/\/canserrat.org\/es\/wp-json\/wp\/v2\/media?parent=1109"}],"wp:term":[{"taxonomy":"category","embeddable":true,"href":"http:\/\/canserrat.org\/es\/wp-json\/wp\/v2\/categories?post=1109"},{"taxonomy":"post_tag","embeddable":true,"href":"http:\/\/canserrat.org\/es\/wp-json\/wp\/v2\/tags?post=1109"}],"curies":[{"name":"wp","href":"https:\/\/api.w.org\/{rel}","templated":true}]}}