{"id":905,"date":"2016-10-12T09:53:47","date_gmt":"2016-10-12T09:53:47","guid":{"rendered":"http:\/\/canserrat.org\/?p=905"},"modified":"2019-10-22T14:55:12","modified_gmt":"2019-10-22T14:55:12","slug":"mili-genestreti","status":"publish","type":"post","link":"http:\/\/canserrat.org\/ca\/mili-genestreti","title":{"rendered":"Mili Genestreti"},"content":{"rendered":"<img decoding=\"async\" loading=\"lazy\" class=\"size-medium wp-image-906 aligncenter\" src=\"http:\/\/canserrat.org\/wp-content\/uploads\/2016\/10\/2016-10-07-PHOTO-00000816-225x300.jpg\" alt=\"\" width=\"225\" height=\"300\" srcset=\"http:\/\/canserrat.org\/wp-content\/uploads\/2016\/10\/2016-10-07-PHOTO-00000816-225x300.jpg 225w, http:\/\/canserrat.org\/wp-content\/uploads\/2016\/10\/2016-10-07-PHOTO-00000816-768x1024.jpg 768w, http:\/\/canserrat.org\/wp-content\/uploads\/2016\/10\/2016-10-07-PHOTO-00000816.jpg 960w\" sizes=\"(max-width: 225px) 100vw, 225px\" \/><\/p>\n<p>&nbsp;<\/p>\n<p>Mili Genestreti, mestra en Arts Visuals a l&#8217;Escola de Belles Arts a la Universitat Federal de Bahia. Viu i treballa al Salvador, Bahia, Brasil. El seu tema de recerca \u00e9s el Temps i la Mem\u00f2ria. \u00c9s una identitat intimista, records de la inf\u00e0ncia, barrejats amb la imaginaci\u00f3 i els somnis sense establir l\u00edmits entre ells. Produeix pintures, objectes i instal\u00b7lacions on q\u00fcestiona la imperman\u00e8ncia i la brevetat de la vida.<\/p>\n<p>Vaig triar la resid\u00e8ncia a Can Serrat per que es troba en una regi\u00f3 de muntanyes (Montserrat). Un espai dotat de temps, silenci i espiritualitat. Un refugi po\u00e8tic que em permet construir pensaments que em porten al proc\u00e9s d&#8217;individuaci\u00f3 i transcend\u00e8ncia.","protected":false},"excerpt":{"rendered":"<p>&nbsp; Mili Genestreti, mestra en Arts Visuals a l&#8217;Escola de Belles Arts a la Universitat Federal de Bahia. Viu i treballa al Salvador, Bahia, Brasil. El seu tema de recerca \u00e9s el Temps i la Mem\u00f2ria. \u00c9s una identitat intimista, &hellip; <a href=\"http:\/\/canserrat.org\/ca\/mili-genestreti\">Continued<\/a><\/p>\n","protected":false},"author":3,"featured_media":906,"comment_status":"open","ping_status":"open","sticky":false,"template":"","format":"standard","meta":{"_monsterinsights_skip_tracking":false,"_monsterinsights_sitenote_active":false,"_monsterinsights_sitenote_note":"","_monsterinsights_sitenote_category":0,"footnotes":""},"categories":[10,11],"tags":[],"_links":{"self":[{"href":"http:\/\/canserrat.org\/ca\/wp-json\/wp\/v2\/posts\/905"}],"collection":[{"href":"http:\/\/canserrat.org\/ca\/wp-json\/wp\/v2\/posts"}],"about":[{"href":"http:\/\/canserrat.org\/ca\/wp-json\/wp\/v2\/types\/post"}],"author":[{"embeddable":true,"href":"http:\/\/canserrat.org\/ca\/wp-json\/wp\/v2\/users\/3"}],"replies":[{"embeddable":true,"href":"http:\/\/canserrat.org\/ca\/wp-json\/wp\/v2\/comments?post=905"}],"version-history":[{"count":3,"href":"http:\/\/canserrat.org\/ca\/wp-json\/wp\/v2\/posts\/905\/revisions"}],"predecessor-version":[{"id":4120,"href":"http:\/\/canserrat.org\/ca\/wp-json\/wp\/v2\/posts\/905\/revisions\/4120"}],"wp:featuredmedia":[{"embeddable":true,"href":"http:\/\/canserrat.org\/ca\/wp-json\/wp\/v2\/media\/906"}],"wp:attachment":[{"href":"http:\/\/canserrat.org\/ca\/wp-json\/wp\/v2\/media?parent=905"}],"wp:term":[{"taxonomy":"category","embeddable":true,"href":"http:\/\/canserrat.org\/ca\/wp-json\/wp\/v2\/categories?post=905"},{"taxonomy":"post_tag","embeddable":true,"href":"http:\/\/canserrat.org\/ca\/wp-json\/wp\/v2\/tags?post=905"}],"curies":[{"name":"wp","href":"https:\/\/api.w.org\/{rel}","templated":true}]}}