{"id":9014,"date":"2025-07-22T13:21:01","date_gmt":"2025-07-22T13:21:01","guid":{"rendered":"https:\/\/canserrat.org\/?p=9014"},"modified":"2025-07-25T08:06:37","modified_gmt":"2025-07-25T08:06:37","slug":"call-result__spring-summer-2026__va","status":"publish","type":"post","link":"http:\/\/canserrat.org\/ca\/call-result__spring-summer-2026__va","title":{"rendered":"RESULTAT CONVOCATORIA__Primavera-Estiu 2026__Artistes visuals i Multidisciplinaris"},"content":{"rendered":"<div class=\"tlid-input input\">\n<div class=\"source-wrap\">\n<div class=\"input-full-height-wrapper tlid-input-full-height-wrapper\">\n<div class=\"source-input\">\n<div class=\"source-footer-wrap source-or-target-footer\">\n<div class=\"character-count tlid-character-count\">\n<div class=\"tlid-input input\">\n<div class=\"source-wrap\">\n<div class=\"input-full-height-wrapper tlid-input-full-height-wrapper\">\n<div class=\"source-input\">\n<div class=\"source-footer-wrap source-or-target-footer\">\n<div class=\"character-count tlid-character-count\">\n<p>&nbsp;<\/p>\n<p>En el marc d\u2019aquest jurat, es van rebre moltes sol\u00b7licituds de creador.s de tot el m\u00f3n i un gran nombre d\u2019elles eren d\u2019una qualitat impressionant. El jurat ha gaudit molt de tots els projectes presentats i, una vegada m\u00e9s, ha estat un repte fer la selecci\u00f3. Despr\u00e9s de passar hores debatent, han estat seleccionades 22 propostes per a integrar el programa de resid\u00e8ncia (2 invitacions completes, i 20 invitacions parcials). El jurat va tenir molta cura de convidar a projectes que fossin espec\u00edficament rellevants pel context de Can Serrat.<\/p>\n<\/div>\n<\/div>\n<\/div>\n<\/div>\n<\/div>\n<\/div>\n<div><\/div>\n<\/div>\n<\/div>\n<\/div>\n<\/div>\n<\/div>\n<\/div>\n<div>\n<p><strong>Jurat:<\/strong><\/p>\n<ul>\n<li>Andrew P. Heath, escriptor amb base a Nova York.<\/li>\n<li>Miquel Duran Frigola, escriptor, bi\u00f2leg computacional i fundador d\u2019Ersilia, una organitzaci\u00f3 dedicada a la recerca de malalties tropicals.<\/li>\n<li>Sophie Blais_Directora de Can Serrat (veu sense vot).<\/li>\n<li>Sarah Goodchild Robb_Coordinadora de residents i encarrgada de communicaci\u00f3 (veu sense vot).<\/li>\n<\/ul>\n<\/div>\n<p>&nbsp;<\/p>\n<div>\n<p><strong>INVITACI\u00d3 COMPLETA &#8212;<\/strong><\/p>\n<p style=\"padding-left: 120px;\"><span style=\"color: #339966;\"><strong>Mario Lewis<\/strong><\/span><\/p>\n<p style=\"padding-left: 120px;\"><span style=\"color: #339966;\"><strong>Catherine Anabella Lie<\/strong><\/span><\/p>\n<p>&nbsp;<\/p>\n<p><strong>INVITACI\u00d3 PARCIAL &#8212;<\/strong><\/p>\n<div>\n<div>\n<p style=\"padding-left: 120px;\"><strong><span style=\"color: #339966;\">Emma Quin<\/span><\/strong><\/p>\n<p style=\"padding-left: 120px;\"><strong><span style=\"color: #339966;\">Helena Ommert + Thesea Rigou<\/span><\/strong><\/p>\n<p style=\"padding-left: 120px;\"><strong><span style=\"color: #339966;\">Gianluca Iadema<\/span><\/strong><\/p>\n<p style=\"padding-left: 120px;\"><strong><span style=\"color: #339966;\">Carlota Blasco Aguirre<\/span><\/strong><\/p>\n<p style=\"padding-left: 120px;\"><strong><span style=\"color: #339966;\">Andrea (andi) Icaza-Largaespada<\/span><\/strong><\/p>\n<p style=\"padding-left: 120px;\"><strong><span style=\"color: #339966;\">Tom\u00e1\u0161 Moravansk\u00fd<\/span><\/strong><\/p>\n<p style=\"padding-left: 120px;\"><strong><span style=\"color: #339966;\">Luisa Lerman<\/span><\/strong><\/p>\n<p style=\"padding-left: 120px;\"><strong><span style=\"color: #339966;\">HAUI\u2122<\/span><\/strong><\/p>\n<p style=\"padding-left: 120px;\"><strong><span style=\"color: #339966;\">Mira Rostrup<\/span><\/strong><\/p>\n<p style=\"padding-left: 120px;\"><strong><span style=\"color: #339966;\">Emma Ayora<\/span><\/strong><\/p>\n<p style=\"padding-left: 120px;\"><strong><span style=\"color: #339966;\">Filip Moszant<\/span><\/strong><\/p>\n<p style=\"padding-left: 120px;\"><strong><span style=\"color: #339966;\">Katharina Buettgen<\/span><\/strong><\/p>\n<p style=\"padding-left: 120px;\"><strong><span style=\"color: #339966;\">Martine Bisagni<\/span><\/strong><\/p>\n<p style=\"padding-left: 120px;\"><strong><span style=\"color: #339966;\">Melisa Zulberti<\/span><\/strong><\/p>\n<p style=\"padding-left: 120px;\"><strong><span style=\"color: #339966;\">Julia Forrest<\/span><\/strong><\/p>\n<p style=\"padding-left: 120px;\"><strong><span style=\"color: #339966;\">Ignacia Parraguez<\/span><\/strong><\/p>\n<p style=\"padding-left: 120px;\"><strong><span style=\"color: #339966;\">Lena Kassicieh<\/span><\/strong><\/p>\n<p style=\"padding-left: 120px;\"><strong><span style=\"color: #339966;\">Andrea Brunotti<\/span><\/strong><\/p>\n<p style=\"padding-left: 120px;\"><strong><span style=\"color: #339966;\">Ojo Taiye<\/span><\/strong><\/p>\n<p style=\"padding-left: 120px;\"><strong><span style=\"color: #339966;\">Gargi Shingte<\/span><\/strong><\/p>\n<\/div>\n<p>&nbsp;<\/p>\n<\/div>\n<\/div>\n<p>Sabem que \u00e9s molt dif\u00edcil generar espais de cura dins d\u2019una convocat\u00f2ria, per\u00f2 volem agrair de tot cor, a totes les persones que ens han fet arribar les seves propostes. Ha estat un plaer llegir-les, endinsar-se en les seves pr\u00e0ctiques i entrar en contacte amb elles.","protected":false},"excerpt":{"rendered":"<p>&nbsp; En el marc d\u2019aquest jurat, es van rebre moltes sol\u00b7licituds de creador.s de tot el m\u00f3n i un gran nombre d\u2019elles eren d\u2019una qualitat impressionant. El jurat ha gaudit molt de tots els projectes presentats i, una vegada m\u00e9s, &hellip; <a href=\"http:\/\/canserrat.org\/ca\/call-result__spring-summer-2026__va\">Continued<\/a><\/p>\n","protected":false},"author":4,"featured_media":8707,"comment_status":"closed","ping_status":"closed","sticky":false,"template":"","format":"standard","meta":{"_monsterinsights_skip_tracking":false,"_monsterinsights_sitenote_active":false,"_monsterinsights_sitenote_note":"","_monsterinsights_sitenote_category":0,"footnotes":""},"categories":[37],"tags":[],"_links":{"self":[{"href":"http:\/\/canserrat.org\/ca\/wp-json\/wp\/v2\/posts\/9014"}],"collection":[{"href":"http:\/\/canserrat.org\/ca\/wp-json\/wp\/v2\/posts"}],"about":[{"href":"http:\/\/canserrat.org\/ca\/wp-json\/wp\/v2\/types\/post"}],"author":[{"embeddable":true,"href":"http:\/\/canserrat.org\/ca\/wp-json\/wp\/v2\/users\/4"}],"replies":[{"embeddable":true,"href":"http:\/\/canserrat.org\/ca\/wp-json\/wp\/v2\/comments?post=9014"}],"version-history":[{"count":4,"href":"http:\/\/canserrat.org\/ca\/wp-json\/wp\/v2\/posts\/9014\/revisions"}],"predecessor-version":[{"id":9018,"href":"http:\/\/canserrat.org\/ca\/wp-json\/wp\/v2\/posts\/9014\/revisions\/9018"}],"wp:featuredmedia":[{"embeddable":true,"href":"http:\/\/canserrat.org\/ca\/wp-json\/wp\/v2\/media\/8707"}],"wp:attachment":[{"href":"http:\/\/canserrat.org\/ca\/wp-json\/wp\/v2\/media?parent=9014"}],"wp:term":[{"taxonomy":"category","embeddable":true,"href":"http:\/\/canserrat.org\/ca\/wp-json\/wp\/v2\/categories?post=9014"},{"taxonomy":"post_tag","embeddable":true,"href":"http:\/\/canserrat.org\/ca\/wp-json\/wp\/v2\/tags?post=9014"}],"curies":[{"name":"wp","href":"https:\/\/api.w.org\/{rel}","templated":true}]}}