{"id":8998,"date":"2025-07-10T11:02:51","date_gmt":"2025-07-10T11:02:51","guid":{"rendered":"https:\/\/canserrat.org\/?p=8998"},"modified":"2025-10-07T12:57:10","modified_gmt":"2025-10-07T12:57:10","slug":"andrea-jerez","status":"publish","type":"post","link":"http:\/\/canserrat.org\/ca\/andrea-jerez","title":{"rendered":"Andrea Jerez"},"content":{"rendered":"<img decoding=\"async\" loading=\"lazy\" class=\"size-medium wp-image-8999 aligncenter\" src=\"http:\/\/canserrat.org\/wp-content\/uploads\/2025\/07\/IMG_3072-Andrea-Jerez-200x300.jpeg\" alt=\"\" width=\"200\" height=\"300\" srcset=\"http:\/\/canserrat.org\/wp-content\/uploads\/2025\/07\/IMG_3072-Andrea-Jerez-200x300.jpeg 200w, http:\/\/canserrat.org\/wp-content\/uploads\/2025\/07\/IMG_3072-Andrea-Jerez-683x1024.jpeg 683w, http:\/\/canserrat.org\/wp-content\/uploads\/2025\/07\/IMG_3072-Andrea-Jerez-1025x1536.jpeg 1025w, http:\/\/canserrat.org\/wp-content\/uploads\/2025\/07\/IMG_3072-Andrea-Jerez-1367x2048.jpeg 1367w, http:\/\/canserrat.org\/wp-content\/uploads\/2025\/07\/IMG_3072-Andrea-Jerez-scaled-534x800.jpeg 534w, http:\/\/canserrat.org\/wp-content\/uploads\/2025\/07\/IMG_3072-Andrea-Jerez-scaled-267x400.jpeg 267w, http:\/\/canserrat.org\/wp-content\/uploads\/2025\/07\/IMG_3072-Andrea-Jerez-scaled.jpeg 1708w\" sizes=\"(max-width: 200px) 100vw, 200px\" \/><\/p>\n<p>&nbsp;<\/p>\n<p data-start=\"134\" data-end=\"631\">Andrea Jerez (M\u00e9rida, Vene\u00e7uela, 1997) \u00e9s poeta, dissenyadora multim\u00e8dia i tatuadora. La seva obra explora temes com la migraci\u00f3, la identitat i la mem\u00f2ria. Va cr\u00e9ixer a Tovar, un petit poble dels Andes vene\u00e7olans, i als 18 anys va emigrar a Buenos Aires, on ha desenvolupat la seva pr\u00e0ctica art\u00edstica. La seva escriptura, profundament marcada per l\u2019experi\u00e8ncia de la migraci\u00f3, aborda la salut mental, la reconstrucci\u00f3 d\u2019hist\u00f2ries familiars i la reinterpretaci\u00f3 de mites i creences des de l\u2019exili.<\/p>\n<p data-start=\"633\" data-end=\"971\">Ha estat publicada a l\u2019antologia <em data-start=\"666\" data-end=\"701\">CAMPO, 100 poemas sobre la tierra<\/em> (Camalote), a la revista <em data-start=\"727\" data-end=\"735\">POESIA<\/em> de la Universitat de Carabobo, i a la setena antologia de poesia jove Rafael Cadenas. El seu primer llibre, <em data-start=\"844\" data-end=\"866\">Rostros en la madera<\/em> (Ediciones del Dock, 2023), va rebre una beca de creaci\u00f3 del Fondo Nacional de las Artes de l\u2019Argentina.<\/p>\n<p data-start=\"973\" data-end=\"1252\">M\u00e9s enll\u00e0 de la literatura, \u00e9s cofundadora de <em data-start=\"1019\" data-end=\"1037\">Pumarosa Estudio<\/em>, un espai que promou el tatuatge com a format art\u00edstic. Sota l\u2019heter\u00f2nim \u201c\u00c1mbar,\u201d realitza tatuatges inspirats en interpretacions visuals de poemes i explora el tatuatge com a eina de psicom\u00e0gia i acci\u00f3 metaf\u00f2rica.<\/p>\n<p data-start=\"1254\" data-end=\"1564\">Andrea s\u2019identifica com a migrant, una identitat que impregna totes les seves pr\u00e0ctiques creatives, des de l\u2019escriptura fins al disseny i els rituals simb\u00f2lics. La seva obra busca connectar el personal i el col\u00b7lectiu, travessant fronteres f\u00edsiques i emocionals en un di\u00e0leg constant amb l\u2019entorn i la mem\u00f2ria.<\/p>\n<p data-start=\"1566\" data-end=\"1632\">Andrea f\u00e0 la seva resid\u00e8ncia durant el mes de setembre del 2025.<\/p>","protected":false},"excerpt":{"rendered":"<p>&nbsp; Andrea Jerez (M\u00e9rida, Vene\u00e7uela, 1997) \u00e9s poeta, dissenyadora multim\u00e8dia i tatuadora. La seva obra explora temes com la migraci\u00f3, la identitat i la mem\u00f2ria. Va cr\u00e9ixer a Tovar, un petit poble dels Andes vene\u00e7olans, i als 18 anys va &hellip; <a href=\"http:\/\/canserrat.org\/ca\/andrea-jerez\">Continued<\/a><\/p>\n","protected":false},"author":4,"featured_media":8999,"comment_status":"closed","ping_status":"closed","sticky":false,"template":"","format":"standard","meta":{"_monsterinsights_skip_tracking":false,"_monsterinsights_sitenote_active":false,"_monsterinsights_sitenote_note":"","_monsterinsights_sitenote_category":0,"footnotes":""},"categories":[10,11],"tags":[],"_links":{"self":[{"href":"http:\/\/canserrat.org\/ca\/wp-json\/wp\/v2\/posts\/8998"}],"collection":[{"href":"http:\/\/canserrat.org\/ca\/wp-json\/wp\/v2\/posts"}],"about":[{"href":"http:\/\/canserrat.org\/ca\/wp-json\/wp\/v2\/types\/post"}],"author":[{"embeddable":true,"href":"http:\/\/canserrat.org\/ca\/wp-json\/wp\/v2\/users\/4"}],"replies":[{"embeddable":true,"href":"http:\/\/canserrat.org\/ca\/wp-json\/wp\/v2\/comments?post=8998"}],"version-history":[{"count":1,"href":"http:\/\/canserrat.org\/ca\/wp-json\/wp\/v2\/posts\/8998\/revisions"}],"predecessor-version":[{"id":9000,"href":"http:\/\/canserrat.org\/ca\/wp-json\/wp\/v2\/posts\/8998\/revisions\/9000"}],"wp:featuredmedia":[{"embeddable":true,"href":"http:\/\/canserrat.org\/ca\/wp-json\/wp\/v2\/media\/8999"}],"wp:attachment":[{"href":"http:\/\/canserrat.org\/ca\/wp-json\/wp\/v2\/media?parent=8998"}],"wp:term":[{"taxonomy":"category","embeddable":true,"href":"http:\/\/canserrat.org\/ca\/wp-json\/wp\/v2\/categories?post=8998"},{"taxonomy":"post_tag","embeddable":true,"href":"http:\/\/canserrat.org\/ca\/wp-json\/wp\/v2\/tags?post=8998"}],"curies":[{"name":"wp","href":"https:\/\/api.w.org\/{rel}","templated":true}]}}