{"id":8951,"date":"2025-07-10T08:04:55","date_gmt":"2025-07-10T08:04:55","guid":{"rendered":"https:\/\/canserrat.org\/?p=8951"},"modified":"2025-09-19T08:49:16","modified_gmt":"2025-09-19T08:49:16","slug":"marco-huarancca-ninanya","status":"publish","type":"post","link":"http:\/\/canserrat.org\/ca\/marco-huarancca-ninanya","title":{"rendered":"Marco Huarancca Ninanya"},"content":{"rendered":"<img decoding=\"async\" loading=\"lazy\" class=\"size-medium wp-image-8952 aligncenter\" src=\"http:\/\/canserrat.org\/wp-content\/uploads\/2025\/07\/DSC_0092-Marco-Huarancca-201x300.jpg\" alt=\"\" width=\"201\" height=\"300\" srcset=\"http:\/\/canserrat.org\/wp-content\/uploads\/2025\/07\/DSC_0092-Marco-Huarancca-201x300.jpg 201w, http:\/\/canserrat.org\/wp-content\/uploads\/2025\/07\/DSC_0092-Marco-Huarancca-685x1024.jpg 685w, http:\/\/canserrat.org\/wp-content\/uploads\/2025\/07\/DSC_0092-Marco-Huarancca-1028x1536.jpg 1028w, http:\/\/canserrat.org\/wp-content\/uploads\/2025\/07\/DSC_0092-Marco-Huarancca-1371x2048.jpg 1371w, http:\/\/canserrat.org\/wp-content\/uploads\/2025\/07\/DSC_0092-Marco-Huarancca-scaled-536x800.jpg 536w, http:\/\/canserrat.org\/wp-content\/uploads\/2025\/07\/DSC_0092-Marco-Huarancca-scaled-268x400.jpg 268w, http:\/\/canserrat.org\/wp-content\/uploads\/2025\/07\/DSC_0092-Marco-Huarancca-scaled.jpg 1714w\" sizes=\"(max-width: 201px) 100vw, 201px\" \/><\/p>\n<p>&nbsp;<\/p>\n<p data-start=\"93\" data-end=\"411\">En Marco fa m\u00e9s d\u2019una d\u00e8cada que ha deixat d\u2019escriure \u201cnom\u00e9s per als amics\u201d. Gr\u00e0cies als tallers d\u2019escriptura amb Gabriela Wiener, Diego Trelles Paz i Edgardo Scott (taller que segueix actualment des del 2019), ha pogut afirmar el seu inter\u00e8s per la literatura hisp\u00e0nica i aspirar a ser anomenat algun dia \u201cescriptor\u201d.<\/p>\n<p data-start=\"413\" data-end=\"674\">Gr\u00e0cies a diverses trobades liter\u00e0ries, Marco ha tingut el plaer de participar en algunes revistes liter\u00e0ries a Par\u00eds i actualment col\u00b7labora en un projecte anomenat <em data-start=\"579\" data-end=\"588\">Pasajes<\/em>, acompanyat d\u2019altres amics escriptors: <a class=\"\" href=\"https:\/\/revista-pasajes.com\/2024\/04\/29\/xavier\/\" target=\"_new\" rel=\"noopener\" data-start=\"628\" data-end=\"674\">https:\/\/revista-pasajes.com\/2024\/04\/29\/xavier\/<\/a><\/p>\n<p data-start=\"676\" data-end=\"1059\">Amb el suport de La Cit\u00e9 Universitaire de Paris, el seu conte <em data-start=\"738\" data-end=\"751\">Vuelta en U<\/em> va ser incl\u00f2s dins l\u2019antologia <em data-start=\"783\" data-end=\"818\">Dans les mur\u2026mur(e)s de la Cit\u00e9 U<\/em> l\u2019any 2017. L\u2019any seg\u00fcent, la columna <em data-start=\"857\" data-end=\"870\">Modern Love<\/em> del <em data-start=\"875\" data-end=\"891\">New York Times<\/em> va publicar el seu relat curt <em data-start=\"922\" data-end=\"939\">No more secrets<\/em>, text que tamb\u00e9 es va incloure al llibre <em data-start=\"981\" data-end=\"1041\">Tiny Love Stories: True Tales of Love in 100 Words Or Less<\/em> publicat el 2020.<\/p>\n<p data-start=\"1061\" data-end=\"1122\">Marco far\u00e0 la seva resid\u00e8ncia durant el mes d\u2019agost del 2025.<\/p>","protected":false},"excerpt":{"rendered":"<p>&nbsp; En Marco fa m\u00e9s d\u2019una d\u00e8cada que ha deixat d\u2019escriure \u201cnom\u00e9s per als amics\u201d. Gr\u00e0cies als tallers d\u2019escriptura amb Gabriela Wiener, Diego Trelles Paz i Edgardo Scott (taller que segueix actualment des del 2019), ha pogut afirmar el seu &hellip; <a href=\"http:\/\/canserrat.org\/ca\/marco-huarancca-ninanya\">Continued<\/a><\/p>\n","protected":false},"author":4,"featured_media":8952,"comment_status":"closed","ping_status":"closed","sticky":false,"template":"","format":"standard","meta":{"_monsterinsights_skip_tracking":false,"_monsterinsights_sitenote_active":false,"_monsterinsights_sitenote_note":"","_monsterinsights_sitenote_category":0,"footnotes":""},"categories":[22,10,11],"tags":[],"_links":{"self":[{"href":"http:\/\/canserrat.org\/ca\/wp-json\/wp\/v2\/posts\/8951"}],"collection":[{"href":"http:\/\/canserrat.org\/ca\/wp-json\/wp\/v2\/posts"}],"about":[{"href":"http:\/\/canserrat.org\/ca\/wp-json\/wp\/v2\/types\/post"}],"author":[{"embeddable":true,"href":"http:\/\/canserrat.org\/ca\/wp-json\/wp\/v2\/users\/4"}],"replies":[{"embeddable":true,"href":"http:\/\/canserrat.org\/ca\/wp-json\/wp\/v2\/comments?post=8951"}],"version-history":[{"count":1,"href":"http:\/\/canserrat.org\/ca\/wp-json\/wp\/v2\/posts\/8951\/revisions"}],"predecessor-version":[{"id":8953,"href":"http:\/\/canserrat.org\/ca\/wp-json\/wp\/v2\/posts\/8951\/revisions\/8953"}],"wp:featuredmedia":[{"embeddable":true,"href":"http:\/\/canserrat.org\/ca\/wp-json\/wp\/v2\/media\/8952"}],"wp:attachment":[{"href":"http:\/\/canserrat.org\/ca\/wp-json\/wp\/v2\/media?parent=8951"}],"wp:term":[{"taxonomy":"category","embeddable":true,"href":"http:\/\/canserrat.org\/ca\/wp-json\/wp\/v2\/categories?post=8951"},{"taxonomy":"post_tag","embeddable":true,"href":"http:\/\/canserrat.org\/ca\/wp-json\/wp\/v2\/tags?post=8951"}],"curies":[{"name":"wp","href":"https:\/\/api.w.org\/{rel}","templated":true}]}}