{"id":8331,"date":"2024-08-08T10:33:11","date_gmt":"2024-08-08T10:33:11","guid":{"rendered":"https:\/\/canserrat.org\/?p=8331"},"modified":"2024-10-07T09:12:11","modified_gmt":"2024-10-07T09:12:11","slug":"rana-san","status":"publish","type":"post","link":"http:\/\/canserrat.org\/ca\/rana-san","title":{"rendered":"Rana San"},"content":{"rendered":"<img decoding=\"async\" loading=\"lazy\" class=\"size-medium wp-image-8332 aligncenter\" src=\"http:\/\/canserrat.org\/wp-content\/uploads\/2024\/08\/rana-san_by_anastasia-babenko-Rana-San-239x300.jpg\" alt=\"\" width=\"239\" height=\"300\" srcset=\"http:\/\/canserrat.org\/wp-content\/uploads\/2024\/08\/rana-san_by_anastasia-babenko-Rana-San-239x300.jpg 239w, http:\/\/canserrat.org\/wp-content\/uploads\/2024\/08\/rana-san_by_anastasia-babenko-Rana-San-815x1024.jpg 815w, http:\/\/canserrat.org\/wp-content\/uploads\/2024\/08\/rana-san_by_anastasia-babenko-Rana-San-1223x1536.jpg 1223w, http:\/\/canserrat.org\/wp-content\/uploads\/2024\/08\/rana-san_by_anastasia-babenko-Rana-San-1631x2048.jpg 1631w, http:\/\/canserrat.org\/wp-content\/uploads\/2024\/08\/rana-san_by_anastasia-babenko-Rana-San-scaled-638x800.jpg 638w, http:\/\/canserrat.org\/wp-content\/uploads\/2024\/08\/rana-san_by_anastasia-babenko-Rana-San-scaled-319x400.jpg 319w, http:\/\/canserrat.org\/wp-content\/uploads\/2024\/08\/rana-san_by_anastasia-babenko-Rana-San-scaled.jpg 2039w\" sizes=\"(max-width: 239px) 100vw, 239px\" \/><\/p>\n<p>&nbsp;<\/p>\n<p>Rana San \u00e9s una artista intermedia, comiss\u00e0ria i somiadora nocturna que reflexiona sobre el llenguatge i l&#8217;her\u00e8ncia, la intimitat i la interdepend\u00e8ncia. La seva pr\u00e0ctica curatorial i creativa es centra en enfocaments experimentals i anal\u00f2gics per a contar hist\u00f2ries a trav\u00e9s del cinema, l\u2019escriptura i el moviment, presentats en pantalla i escenari.<\/p>\n<p>En comunitat, crea experi\u00e8ncies col\u00b7lectives que promouen el treball d&#8217;artistes i activistes independents, centrant-se en aquells les veus dels quals han estat hist\u00f2ricament subrepresentades. Amb base entre Seattle i Istanbul, Rana codirigeix el Festival de Poesia en V\u00eddeo Cadence, una mostra anual d&#8217;obres liter\u00e0ries presentades com a mitjans visuals. Recentment va co-curar <em>Good Symptom<\/em>, una antologia serial de perturbacions basades en el temps llan\u00e7ada en 12 episodis mensuals amb assaigs curatorials acompanyants.<\/p>\n<p>Els curts que Rana va escriure i dirigir s&#8217;han projectat recentment en el Helios Sun Poetry Film Festival (M\u00e8xic), Engauge Experimental Film Festival (WA), Artists of Color Expo &amp; Symposium (WA), Seattle International Film Festival (WA), Eugene Contemporary Art (OR), NYC Indie Theatre Film Festival (NY) i Experiments in Cinema (NM).<\/p>\n<p>Rana va obtenir la seva llicenciatura a la Universitat de Washington i t\u00e9 un m\u00e0ster en Gesti\u00f3 de les Arts i la Cultura de la Universitat Internacional de Catalunya.<\/p>\n<p>Rana fa la seva resid\u00e8ncia a Can Serrat a l&#8217;agost de 2024.","protected":false},"excerpt":{"rendered":"<p>&nbsp; Rana San \u00e9s una artista intermedia, comiss\u00e0ria i somiadora nocturna que reflexiona sobre el llenguatge i l&#8217;her\u00e8ncia, la intimitat i la interdepend\u00e8ncia. La seva pr\u00e0ctica curatorial i creativa es centra en enfocaments experimentals i anal\u00f2gics per a contar hist\u00f2ries &hellip; <a href=\"http:\/\/canserrat.org\/ca\/rana-san\">Continued<\/a><\/p>\n","protected":false},"author":4,"featured_media":8332,"comment_status":"closed","ping_status":"closed","sticky":false,"template":"","format":"standard","meta":{"_monsterinsights_skip_tracking":false,"_monsterinsights_sitenote_active":false,"_monsterinsights_sitenote_note":"","_monsterinsights_sitenote_category":0,"footnotes":""},"categories":[22,10,11],"tags":[],"_links":{"self":[{"href":"http:\/\/canserrat.org\/ca\/wp-json\/wp\/v2\/posts\/8331"}],"collection":[{"href":"http:\/\/canserrat.org\/ca\/wp-json\/wp\/v2\/posts"}],"about":[{"href":"http:\/\/canserrat.org\/ca\/wp-json\/wp\/v2\/types\/post"}],"author":[{"embeddable":true,"href":"http:\/\/canserrat.org\/ca\/wp-json\/wp\/v2\/users\/4"}],"replies":[{"embeddable":true,"href":"http:\/\/canserrat.org\/ca\/wp-json\/wp\/v2\/comments?post=8331"}],"version-history":[{"count":1,"href":"http:\/\/canserrat.org\/ca\/wp-json\/wp\/v2\/posts\/8331\/revisions"}],"predecessor-version":[{"id":8333,"href":"http:\/\/canserrat.org\/ca\/wp-json\/wp\/v2\/posts\/8331\/revisions\/8333"}],"wp:featuredmedia":[{"embeddable":true,"href":"http:\/\/canserrat.org\/ca\/wp-json\/wp\/v2\/media\/8332"}],"wp:attachment":[{"href":"http:\/\/canserrat.org\/ca\/wp-json\/wp\/v2\/media?parent=8331"}],"wp:term":[{"taxonomy":"category","embeddable":true,"href":"http:\/\/canserrat.org\/ca\/wp-json\/wp\/v2\/categories?post=8331"},{"taxonomy":"post_tag","embeddable":true,"href":"http:\/\/canserrat.org\/ca\/wp-json\/wp\/v2\/tags?post=8331"}],"curies":[{"name":"wp","href":"https:\/\/api.w.org\/{rel}","templated":true}]}}