{"id":8328,"date":"2024-08-08T10:29:58","date_gmt":"2024-08-08T10:29:58","guid":{"rendered":"https:\/\/canserrat.org\/?p=8328"},"modified":"2024-08-08T10:29:58","modified_gmt":"2024-08-08T10:29:58","slug":"jimena-santana-fandino","status":"publish","type":"post","link":"http:\/\/canserrat.org\/ca\/jimena-santana-fandino","title":{"rendered":"Jimena Santana Fandi\u00f1o"},"content":{"rendered":"<img decoding=\"async\" loading=\"lazy\" class=\"size-medium wp-image-8329 aligncenter\" src=\"http:\/\/canserrat.org\/wp-content\/uploads\/2024\/08\/JIMENA-SANTANA-FANDINO_FOTO-Jimena-Santana-Fandino-225x300.jpeg\" alt=\"\" width=\"225\" height=\"300\" srcset=\"http:\/\/canserrat.org\/wp-content\/uploads\/2024\/08\/JIMENA-SANTANA-FANDINO_FOTO-Jimena-Santana-Fandino-225x300.jpeg 225w, http:\/\/canserrat.org\/wp-content\/uploads\/2024\/08\/JIMENA-SANTANA-FANDINO_FOTO-Jimena-Santana-Fandino-600x800.jpeg 600w, http:\/\/canserrat.org\/wp-content\/uploads\/2024\/08\/JIMENA-SANTANA-FANDINO_FOTO-Jimena-Santana-Fandino-300x400.jpeg 300w, http:\/\/canserrat.org\/wp-content\/uploads\/2024\/08\/JIMENA-SANTANA-FANDINO_FOTO-Jimena-Santana-Fandino.jpeg 768w\" sizes=\"(max-width: 225px) 100vw, 225px\" \/><\/p>\n<p>&nbsp;<\/p>\n<p>Comunicadora social &#8211; periodista i artista aficionada de Zipaquir\u00e1, Col\u00f2mbia. Est\u00e0 interessada en l&#8217;escriptura de guions per a projectes audiovisuals i en l&#8217;\u00fas d&#8217;eines de comunicaci\u00f3 per a la transformaci\u00f3 social. Ha participat en la formulaci\u00f3 i execuci\u00f3 d&#8217;iniciatives de formaci\u00f3 amb infants en projectes com: <em>Fotocuentos<\/em>, explicar hist\u00f2ries amb imatges (2017); <em>Taller Cuadro a Cuadro<\/em>, nocions de fotografia enfocades en animaci\u00f3 stop motion (2022), a trav\u00e9s del Portafoli Municipal d&#8217;Est\u00edmuls de Zipaquir\u00e1; i, amb el col\u00b7lectiu Comunicaci\u00f3 en Camp: <em>Mi Vereda Sue\u00f1a<\/em>, projecte recolzat pel Programa Nacional d&#8217;Est\u00edmuls del Ministeri de les Cultures, les Arts i els Sabers (2023).<\/p>\n<p>Jimena far\u00e0 la seva resid\u00e8ncia a Can Serrat entre agost i novembre de 2024.","protected":false},"excerpt":{"rendered":"<p>&nbsp; Comunicadora social &#8211; periodista i artista aficionada de Zipaquir\u00e1, Col\u00f2mbia. Est\u00e0 interessada en l&#8217;escriptura de guions per a projectes audiovisuals i en l&#8217;\u00fas d&#8217;eines de comunicaci\u00f3 per a la transformaci\u00f3 social. Ha participat en la formulaci\u00f3 i execuci\u00f3 d&#8217;iniciatives &hellip; <a href=\"http:\/\/canserrat.org\/ca\/jimena-santana-fandino\">Continued<\/a><\/p>\n","protected":false},"author":4,"featured_media":8329,"comment_status":"closed","ping_status":"closed","sticky":false,"template":"","format":"standard","meta":{"_monsterinsights_skip_tracking":false,"_monsterinsights_sitenote_active":false,"_monsterinsights_sitenote_note":"","_monsterinsights_sitenote_category":0,"footnotes":""},"categories":[22,10,30],"tags":[],"_links":{"self":[{"href":"http:\/\/canserrat.org\/ca\/wp-json\/wp\/v2\/posts\/8328"}],"collection":[{"href":"http:\/\/canserrat.org\/ca\/wp-json\/wp\/v2\/posts"}],"about":[{"href":"http:\/\/canserrat.org\/ca\/wp-json\/wp\/v2\/types\/post"}],"author":[{"embeddable":true,"href":"http:\/\/canserrat.org\/ca\/wp-json\/wp\/v2\/users\/4"}],"replies":[{"embeddable":true,"href":"http:\/\/canserrat.org\/ca\/wp-json\/wp\/v2\/comments?post=8328"}],"version-history":[{"count":1,"href":"http:\/\/canserrat.org\/ca\/wp-json\/wp\/v2\/posts\/8328\/revisions"}],"predecessor-version":[{"id":8330,"href":"http:\/\/canserrat.org\/ca\/wp-json\/wp\/v2\/posts\/8328\/revisions\/8330"}],"wp:featuredmedia":[{"embeddable":true,"href":"http:\/\/canserrat.org\/ca\/wp-json\/wp\/v2\/media\/8329"}],"wp:attachment":[{"href":"http:\/\/canserrat.org\/ca\/wp-json\/wp\/v2\/media?parent=8328"}],"wp:term":[{"taxonomy":"category","embeddable":true,"href":"http:\/\/canserrat.org\/ca\/wp-json\/wp\/v2\/categories?post=8328"},{"taxonomy":"post_tag","embeddable":true,"href":"http:\/\/canserrat.org\/ca\/wp-json\/wp\/v2\/tags?post=8328"}],"curies":[{"name":"wp","href":"https:\/\/api.w.org\/{rel}","templated":true}]}}