{"id":8145,"date":"2024-02-25T14:11:31","date_gmt":"2024-02-25T14:11:31","guid":{"rendered":"http:\/\/canserrat.org\/?p=8145"},"modified":"2024-06-03T09:41:45","modified_gmt":"2024-06-03T09:41:45","slug":"emine-alev-ersan","status":"publish","type":"post","link":"http:\/\/canserrat.org\/ca\/emine-alev-ersan","title":{"rendered":"Emine Alev Ersan"},"content":{"rendered":"<figure id=\"attachment_8146\" class=\"thumbnail wp-caption aligncenter\" style=\"width: 200px\"><img decoding=\"async\" loading=\"lazy\" class=\"size-medium wp-image-8146\" src=\"http:\/\/canserrat.org\/wp-content\/uploads\/2024\/02\/AlevErsanPhoto_PinarGedikozer-Alev-Ersan-200x300.jpg\" alt=\"\" width=\"200\" height=\"300\" srcset=\"http:\/\/canserrat.org\/wp-content\/uploads\/2024\/02\/AlevErsanPhoto_PinarGedikozer-Alev-Ersan-200x300.jpg 200w, http:\/\/canserrat.org\/wp-content\/uploads\/2024\/02\/AlevErsanPhoto_PinarGedikozer-Alev-Ersan-684x1024.jpg 684w, http:\/\/canserrat.org\/wp-content\/uploads\/2024\/02\/AlevErsanPhoto_PinarGedikozer-Alev-Ersan-1025x1536.jpg 1025w, http:\/\/canserrat.org\/wp-content\/uploads\/2024\/02\/AlevErsanPhoto_PinarGedikozer-Alev-Ersan-1367x2048.jpg 1367w, http:\/\/canserrat.org\/wp-content\/uploads\/2024\/02\/AlevErsanPhoto_PinarGedikozer-Alev-Ersan-scaled.jpg 1709w\" sizes=\"(max-width: 200px) 100vw, 200px\" \/><figcaption class=\"caption wp-caption-text\">Rum Okulu, Kurtulu\u015f, Pelin Uran, \u0130stanbul Bienali, P\u0131nar Gedik\u00f6zer Fotograf,<\/figcaption><\/figure>\n<p>Alev Ersan \u00e9s una practicant creativa que treballa en les arts visuals, liter\u00e0ries i esc\u00e8niques. La seva pr\u00e0ctica es manifesta com a instal\u00b7lacions multim\u00e8dia que incorpora contingut audiovisual i textual, actuacions sensibles al lloc i animaci\u00f3 de stop-motion i poesia. Al centre de la seva pr\u00e0ctica hi ha una po\u00e8tica de la traducci\u00f3 i la narrativa experimental, impulsada pel seu treball com a traductora liter\u00e0ria d&#8217;escriptura experimental i educadora. Alev treballa utilitzant la investigaci\u00f3 interdisciplin\u00e0ria, l&#8217;experimentaci\u00f3 i la col\u00b7laboraci\u00f3, mentre que el llenguatge i la mem\u00f2ria s\u00f3n corrents materials i conceptuals constants. Les seves publicacions recents inclouen &#8220;radiant absence&#8221; 2022, una monografia per a F\u00fcs\u00fcn Onur per al Pabell\u00f3 de Turquia a La Biennale di Venezia, publicada per Yap\u0131 Kredi Publishing &amp; Mousse Arts Publishing; &#8220;Wagging Tongues&#8221; 2021 RE: (AAP) Arter Artistic Research Program, publicacions d&#8217;ARTER; &#8220;Baz\u0131 G\u00f6zenekler A\u00e7\u0131l\u0131r&#8221; 2021 MOERO, poesia, Istanbul, TR http:\/\/www.moero.org\/3-sayi\/. El seu treball d&#8217;instal\u00b7laci\u00f3 recent inclou &#8220;m\u00e2z\u00eek,&#8221; 2022, a Depo Istanbul (en col\u00b7laboraci\u00f3 amb \u0130brahim Alam &#8211; \u0130lyas Odman) i &#8220;If in Mirrors, It Does Not Bite&#8221; 2022, per a l&#8217;exposici\u00f3 &#8220;Also Your Wound, Rosa&#8221; comissariada per Pelin Uran a Istanbul.<\/p>\n<p>Emine Alev Ersan far\u00e0 la seva resid\u00e8ncia durant Maig de 2024.","protected":false},"excerpt":{"rendered":"<p>Alev Ersan \u00e9s una practicant creativa que treballa en les arts visuals, liter\u00e0ries i esc\u00e8niques. La seva pr\u00e0ctica es manifesta com a instal\u00b7lacions multim\u00e8dia que incorpora contingut audiovisual i textual, actuacions sensibles al lloc i animaci\u00f3 de stop-motion i poesia. &hellip; <a href=\"http:\/\/canserrat.org\/ca\/emine-alev-ersan\">Continued<\/a><\/p>\n","protected":false},"author":7,"featured_media":8147,"comment_status":"closed","ping_status":"closed","sticky":false,"template":"","format":"standard","meta":{"_monsterinsights_skip_tracking":false,"_monsterinsights_sitenote_active":false,"_monsterinsights_sitenote_note":"","_monsterinsights_sitenote_category":0,"footnotes":""},"categories":[10,11],"tags":[],"_links":{"self":[{"href":"http:\/\/canserrat.org\/ca\/wp-json\/wp\/v2\/posts\/8145"}],"collection":[{"href":"http:\/\/canserrat.org\/ca\/wp-json\/wp\/v2\/posts"}],"about":[{"href":"http:\/\/canserrat.org\/ca\/wp-json\/wp\/v2\/types\/post"}],"author":[{"embeddable":true,"href":"http:\/\/canserrat.org\/ca\/wp-json\/wp\/v2\/users\/7"}],"replies":[{"embeddable":true,"href":"http:\/\/canserrat.org\/ca\/wp-json\/wp\/v2\/comments?post=8145"}],"version-history":[{"count":2,"href":"http:\/\/canserrat.org\/ca\/wp-json\/wp\/v2\/posts\/8145\/revisions"}],"predecessor-version":[{"id":8208,"href":"http:\/\/canserrat.org\/ca\/wp-json\/wp\/v2\/posts\/8145\/revisions\/8208"}],"wp:featuredmedia":[{"embeddable":true,"href":"http:\/\/canserrat.org\/ca\/wp-json\/wp\/v2\/media\/8147"}],"wp:attachment":[{"href":"http:\/\/canserrat.org\/ca\/wp-json\/wp\/v2\/media?parent=8145"}],"wp:term":[{"taxonomy":"category","embeddable":true,"href":"http:\/\/canserrat.org\/ca\/wp-json\/wp\/v2\/categories?post=8145"},{"taxonomy":"post_tag","embeddable":true,"href":"http:\/\/canserrat.org\/ca\/wp-json\/wp\/v2\/tags?post=8145"}],"curies":[{"name":"wp","href":"https:\/\/api.w.org\/{rel}","templated":true}]}}