{"id":8133,"date":"2024-02-25T13:48:54","date_gmt":"2024-02-25T13:48:54","guid":{"rendered":"http:\/\/canserrat.org\/?p=8133"},"modified":"2026-01-09T14:55:40","modified_gmt":"2026-01-09T14:55:40","slug":"gizem-karakas","status":"publish","type":"post","link":"http:\/\/canserrat.org\/ca\/gizem-karakas","title":{"rendered":"Gizem Karaka\u015f"},"content":{"rendered":"<img decoding=\"async\" loading=\"lazy\" class=\"size-medium wp-image-8134 aligncenter\" src=\"http:\/\/canserrat.org\/wp-content\/uploads\/2024\/02\/gizem-karakas-portre-Gizem-Karakas-300x300.jpg\" alt=\"\" width=\"300\" height=\"300\" srcset=\"http:\/\/canserrat.org\/wp-content\/uploads\/2024\/02\/gizem-karakas-portre-Gizem-Karakas-300x300.jpg 300w, http:\/\/canserrat.org\/wp-content\/uploads\/2024\/02\/gizem-karakas-portre-Gizem-Karakas-1024x1024.jpg 1024w, http:\/\/canserrat.org\/wp-content\/uploads\/2024\/02\/gizem-karakas-portre-Gizem-Karakas-150x150.jpg 150w, http:\/\/canserrat.org\/wp-content\/uploads\/2024\/02\/gizem-karakas-portre-Gizem-Karakas-1536x1536.jpg 1536w, http:\/\/canserrat.org\/wp-content\/uploads\/2024\/02\/gizem-karakas-portre-Gizem-Karakas.jpg 1724w\" sizes=\"(max-width: 300px) 100vw, 300px\" \/><\/p>\n<p>Gizem Karaka\u015f \u00e9s una artista i treballadora cultural amb seu a Istanbul.<\/p>\n<p>En la seva pr\u00e0ctica, es centra en les lluites, ironies, com\u00e8dia i poesia de la vida quotidiana amb narratives semi-ficcionals d&#8217;un individu en proc\u00e9s de transformaci\u00f3, navegant relacions interpersonals i contextuales. Les seves obres, que inclouen fotografies, v\u00eddeos, sons, performances i textos, exploren el concepte d&#8217;intimitat i sinceritat en les relacions a trav\u00e9s de les \u00e0rees ambigu\u0308es que queden entre l&#8217;\u00edntim i el p\u00fablic, la realitat i la ficci\u00f3, l&#8217;art i la vida.<\/p>\n<p>Considerar el valor de l&#8217;art en el context de les relacions que l&#8217;envolten \u00e9s el nucli del seu enfocament. Est\u00e0 interessada a explorar m\u00e8todes de treball col\u00b7laboratius i a utilitzar l&#8217;hospitalitat i la camaraderia com a estrat\u00e8gies de superviv\u00e8ncia. Per tant, les relacions no s\u00f3n simplement un concepte que explora a trav\u00e9s de les seves obres, sin\u00f3 una actitud, gest i m\u00e8tode que ha adoptat com a part del seu proc\u00e9s creatiu.<\/p>\n<p>Els processos col\u00b7lectius en curs s\u00f3n fonamentals per a la pr\u00e0ctica de Karaka\u015f. \u00c9s membre dels col\u00b7lectius HAH des de 2017 i Medyartiz des de 2011. Ha estat una de les cares de Hay\u0131rl\u0131 Evlat des de 2017.<\/p>\n<p>Gizem Karaka\u015f fa la seva resid\u00e8ncia durant el juliol de 2024 o juny-juliol de 2024.","protected":false},"excerpt":{"rendered":"<p>Gizem Karaka\u015f \u00e9s una artista i treballadora cultural amb seu a Istanbul. En la seva pr\u00e0ctica, es centra en les lluites, ironies, com\u00e8dia i poesia de la vida quotidiana amb narratives semi-ficcionals d&#8217;un individu en proc\u00e9s de transformaci\u00f3, navegant relacions &hellip; <a href=\"http:\/\/canserrat.org\/ca\/gizem-karakas\">Continued<\/a><\/p>\n","protected":false},"author":7,"featured_media":8135,"comment_status":"closed","ping_status":"closed","sticky":false,"template":"","format":"standard","meta":{"_monsterinsights_skip_tracking":false,"_monsterinsights_sitenote_active":false,"_monsterinsights_sitenote_note":"","_monsterinsights_sitenote_category":0,"footnotes":""},"categories":[10,11],"tags":[],"_links":{"self":[{"href":"http:\/\/canserrat.org\/ca\/wp-json\/wp\/v2\/posts\/8133"}],"collection":[{"href":"http:\/\/canserrat.org\/ca\/wp-json\/wp\/v2\/posts"}],"about":[{"href":"http:\/\/canserrat.org\/ca\/wp-json\/wp\/v2\/types\/post"}],"author":[{"embeddable":true,"href":"http:\/\/canserrat.org\/ca\/wp-json\/wp\/v2\/users\/7"}],"replies":[{"embeddable":true,"href":"http:\/\/canserrat.org\/ca\/wp-json\/wp\/v2\/comments?post=8133"}],"version-history":[{"count":1,"href":"http:\/\/canserrat.org\/ca\/wp-json\/wp\/v2\/posts\/8133\/revisions"}],"predecessor-version":[{"id":8136,"href":"http:\/\/canserrat.org\/ca\/wp-json\/wp\/v2\/posts\/8133\/revisions\/8136"}],"wp:featuredmedia":[{"embeddable":true,"href":"http:\/\/canserrat.org\/ca\/wp-json\/wp\/v2\/media\/8135"}],"wp:attachment":[{"href":"http:\/\/canserrat.org\/ca\/wp-json\/wp\/v2\/media?parent=8133"}],"wp:term":[{"taxonomy":"category","embeddable":true,"href":"http:\/\/canserrat.org\/ca\/wp-json\/wp\/v2\/categories?post=8133"},{"taxonomy":"post_tag","embeddable":true,"href":"http:\/\/canserrat.org\/ca\/wp-json\/wp\/v2\/tags?post=8133"}],"curies":[{"name":"wp","href":"https:\/\/api.w.org\/{rel}","templated":true}]}}