{"id":8120,"date":"2024-02-25T13:17:36","date_gmt":"2024-02-25T13:17:36","guid":{"rendered":"http:\/\/canserrat.org\/?p=8120"},"modified":"2025-05-16T10:54:38","modified_gmt":"2025-05-16T10:54:38","slug":"chiara-ponsetti","status":"publish","type":"post","link":"http:\/\/canserrat.org\/ca\/chiara-ponsetti","title":{"rendered":"Chiara Ponsetti"},"content":{"rendered":"<img decoding=\"async\" loading=\"lazy\" class=\"size-medium wp-image-8121 aligncenter\" src=\"http:\/\/canserrat.org\/wp-content\/uploads\/2024\/02\/WhatsApp-Image-2023-06-18-at-19.23.37-kansas-225x300.jpeg\" alt=\"\" width=\"225\" height=\"300\" srcset=\"http:\/\/canserrat.org\/wp-content\/uploads\/2024\/02\/WhatsApp-Image-2023-06-18-at-19.23.37-kansas-225x300.jpeg 225w, http:\/\/canserrat.org\/wp-content\/uploads\/2024\/02\/WhatsApp-Image-2023-06-18-at-19.23.37-kansas.jpeg 768w\" sizes=\"(max-width: 225px) 100vw, 225px\" \/><\/p>\n<p>Chiara Ponsetti (Buenos Aires, 1994). Graduada en Hist\u00f2ria de l&#8217;Art. Els \u00faltims anys s&#8217;ha centrat en l&#8217;escriptura po\u00e8tica: va participar en la primera edici\u00f3 de la resid\u00e8ncia liter\u00e0ria Conejillo de Verano el 2022, organitzada per la plataforma BajoTeja, i a finals d&#8217;aquell mateix any va publicar un poema al n\u00famero V de la revista P\u00e1jaro Azul. Recentment ha obtingut el segon lloc en el II Premi de Poesia d&#8217;Edicions en el Mar.<\/p>\n<p>&nbsp;<\/p>\n<p>Chiara Ponsetti fa la seva resid\u00e8ncia durant 07\/2024.","protected":false},"excerpt":{"rendered":"<p>Chiara Ponsetti (Buenos Aires, 1994). Graduada en Hist\u00f2ria de l&#8217;Art. Els \u00faltims anys s&#8217;ha centrat en l&#8217;escriptura po\u00e8tica: va participar en la primera edici\u00f3 de la resid\u00e8ncia liter\u00e0ria Conejillo de Verano el 2022, organitzada per la plataforma BajoTeja, i a &hellip; <a href=\"http:\/\/canserrat.org\/ca\/chiara-ponsetti\">Continued<\/a><\/p>\n","protected":false},"author":7,"featured_media":8122,"comment_status":"closed","ping_status":"closed","sticky":false,"template":"","format":"standard","meta":{"_monsterinsights_skip_tracking":false,"_monsterinsights_sitenote_active":false,"_monsterinsights_sitenote_note":"","_monsterinsights_sitenote_category":0,"footnotes":""},"categories":[10,11],"tags":[],"_links":{"self":[{"href":"http:\/\/canserrat.org\/ca\/wp-json\/wp\/v2\/posts\/8120"}],"collection":[{"href":"http:\/\/canserrat.org\/ca\/wp-json\/wp\/v2\/posts"}],"about":[{"href":"http:\/\/canserrat.org\/ca\/wp-json\/wp\/v2\/types\/post"}],"author":[{"embeddable":true,"href":"http:\/\/canserrat.org\/ca\/wp-json\/wp\/v2\/users\/7"}],"replies":[{"embeddable":true,"href":"http:\/\/canserrat.org\/ca\/wp-json\/wp\/v2\/comments?post=8120"}],"version-history":[{"count":1,"href":"http:\/\/canserrat.org\/ca\/wp-json\/wp\/v2\/posts\/8120\/revisions"}],"predecessor-version":[{"id":8123,"href":"http:\/\/canserrat.org\/ca\/wp-json\/wp\/v2\/posts\/8120\/revisions\/8123"}],"wp:featuredmedia":[{"embeddable":true,"href":"http:\/\/canserrat.org\/ca\/wp-json\/wp\/v2\/media\/8122"}],"wp:attachment":[{"href":"http:\/\/canserrat.org\/ca\/wp-json\/wp\/v2\/media?parent=8120"}],"wp:term":[{"taxonomy":"category","embeddable":true,"href":"http:\/\/canserrat.org\/ca\/wp-json\/wp\/v2\/categories?post=8120"},{"taxonomy":"post_tag","embeddable":true,"href":"http:\/\/canserrat.org\/ca\/wp-json\/wp\/v2\/tags?post=8120"}],"curies":[{"name":"wp","href":"https:\/\/api.w.org\/{rel}","templated":true}]}}