{"id":8099,"date":"2024-02-20T01:20:38","date_gmt":"2024-02-20T01:20:38","guid":{"rendered":"http:\/\/canserrat.org\/?p=8099"},"modified":"2024-08-08T09:26:18","modified_gmt":"2024-08-08T09:26:18","slug":"a-juliana-enciso","status":"publish","type":"post","link":"http:\/\/canserrat.org\/ca\/a-juliana-enciso","title":{"rendered":"A. Juliana Enciso"},"content":{"rendered":"<img decoding=\"async\" loading=\"lazy\" class=\"size-medium wp-image-8100 aligncenter\" src=\"http:\/\/canserrat.org\/wp-content\/uploads\/2024\/02\/DSC2895-andrea-juliana-Enciso-300x199.jpg\" alt=\"\" width=\"300\" height=\"199\" srcset=\"http:\/\/canserrat.org\/wp-content\/uploads\/2024\/02\/DSC2895-andrea-juliana-Enciso-300x199.jpg 300w, http:\/\/canserrat.org\/wp-content\/uploads\/2024\/02\/DSC2895-andrea-juliana-Enciso-1024x678.jpg 1024w, http:\/\/canserrat.org\/wp-content\/uploads\/2024\/02\/DSC2895-andrea-juliana-Enciso-1536x1017.jpg 1536w, http:\/\/canserrat.org\/wp-content\/uploads\/2024\/02\/DSC2895-andrea-juliana-Enciso-2048x1356.jpg 2048w\" sizes=\"(max-width: 300px) 100vw, 300px\" \/><\/p>\n<div class=\"w-full text-token-text-primary\" data-testid=\"conversation-turn-25\">\n<div class=\"px-4 py-2 justify-center text-base md:gap-6 m-auto\">\n<div class=\"flex flex-1 text-base mx-auto gap-3 md:px-5 lg:px-1 xl:px-5 md:max-w-3xl lg:max-w-[40rem] xl:max-w-[48rem] group\">\n<div class=\"relative flex w-full flex-col agent-turn\">\n<div class=\"flex-col gap-1 md:gap-3\">\n<div class=\"flex flex-grow flex-col max-w-full\">\n<div class=\"min-h-[20px] text-message flex flex-col items-start gap-3 whitespace-pre-wrap break-words [.text-message+&amp;]:mt-5 overflow-x-auto\" data-message-author-role=\"assistant\" data-message-id=\"6bbe124f-f8ae-4311-ab7b-977e98e387c9\">\n<div class=\"markdown prose w-full break-words dark:prose-invert dark\">\n<p>Escriptora. Doctora en Llengua i Literatura Hisp\u00e0nica de la Universitat de Pittsburgh. Guanyadora dues vegades consecutives de la Beca en Cr\u00edtica Cultural i Creativa del Ministeri de Cultura de Col\u00f2mbia com a directora del projecte de cr\u00edtica liter\u00e0ria Aluvi\u00f3n (2020 i 2021). Va ser una de les narradores guanyadores dins del projecte Futuras escritoras-laboratori editorial dins del marc de les celebracions Bogot\u00e0 Capital del llibre el 2007. Els seus poemes han estat inclosos en m\u00e9s d&#8217;una dotzena d&#8217;antologies i revistes especialitzades i alguns han estat tradu\u00efts a l&#8217;alemany. En la seva qualitat d&#8217;assaigista i cr\u00edtica liter\u00e0ria ha escrit per a Aluvi\u00f3n, Viacuarenta, Huellas, La trenza, Literalidad, El heraldo i la Revista argentina Abisinia Review, en la qual va ser editora de continguts de la secci\u00f3 queer entre el 2019 i el 2022. Entre els seus llibres publicats hi ha els poemaris Derivas de la Piel (2020), Pan\u00f3ptico (2005) i Laber\u00edntica (2000). Al 2022, va ser compiladora i assagista de l&#8217;antologia cr\u00edtica d&#8217;autors migrants del Carib Colombi\u00e0: El territorio ausente amb el projecte Aluvi\u00f3n, en associaci\u00f3 amb l&#8217;editorial Mackandal i amb el suport del Ministeri de Cultura. Actualment treballa a la Facultat de Ci\u00e8ncies Humanes de la Universitat de l&#8217;Atl\u00e0ntic com a professora i investigadora en l&#8217;\u00e0rea de literatura.<\/p>\n<\/div>\n<div class=\"flex-1 overflow-hidden\">\n<div class=\"react-scroll-to-bottom--css-adxst-79elbk h-full\">\n<div class=\"react-scroll-to-bottom--css-adxst-1n7m0yu\">\n<div class=\"flex flex-col pb-9 text-sm\">\n<div class=\"w-full text-token-text-primary\" data-testid=\"conversation-turn-27\">\n<div class=\"px-4 py-2 justify-center text-base md:gap-6 m-auto\">\n<div class=\"flex flex-1 text-base mx-auto gap-3 md:px-5 lg:px-1 xl:px-5 md:max-w-3xl lg:max-w-[40rem] xl:max-w-[48rem] group final-completion\">\n<div class=\"relative flex w-full flex-col agent-turn\">\n<div class=\"flex-col gap-1 md:gap-3\">\n<div class=\"flex flex-grow flex-col max-w-full\">\n<div class=\"min-h-[20px] text-message flex flex-col items-start gap-3 whitespace-pre-wrap break-words [.text-message+&amp;]:mt-5 overflow-x-auto\" data-message-author-role=\"assistant\" data-message-id=\"e080bf44-e49c-4ad4-80ac-d79d55135d4c\">\n<div class=\"markdown prose w-full break-words dark:prose-invert dark\">\n<p>A. Juliana Enciso est\u00e0 realitzant la seva resid\u00e8ncia del 03\/06\/2024 al 30\/06\/2024.<\/p>\n<\/div>\n<\/div>\n<\/div>\n<div class=\"mt-1 flex justify-start gap-3 empty:hidden\">\n<div class=\"text-gray-400 flex self-end lg:self-center justify-center lg:justify-start mt-0 -ml-1 visible\"><button class=\"flex items-center gap-1.5 rounded-md p-1 text-xs text-token-text-tertiary hover:text-token-text-primary md:invisible md:group-hover:visible md:group-[.final-completion]:visible\"><\/button><\/p>\n<div class=\"flex items-center gap-1.5 text-xs\"><\/div>\n<div class=\"flex\"><\/div>\n<\/div>\n<\/div>\n<\/div>\n<\/div>\n<\/div>\n<\/div>\n<\/div>\n<\/div>\n<\/div>\n<\/div>\n<\/div>\n<div class=\"w-full pt-2 md:pt-0 dark:border-white\/20 md:border-transparent md:dark:border-transparent md:w-[calc(100%-.5rem)]\">\n<form class=\"stretch mx-2 flex flex-row gap-3 last:mb-2 md:mx-4 md:last:mb-6 lg:mx-auto lg:max-w-2xl xl:max-w-3xl\">\n<div class=\"relative flex h-full flex-1 items-stretch md:flex-col\">\n<div class=\"flex w-full items-center\"><\/div>\n<\/div>\n<\/form>\n<\/div>\n<div class=\"markdown prose w-full break-words dark:prose-invert dark\">\n<p>&nbsp;<\/p>\n<\/div>\n<\/div>\n<\/div>\n<\/div>\n<\/div>\n<\/div>\n<\/div>\n<\/div>","protected":false},"excerpt":{"rendered":"<p>Escriptora. Doctora en Llengua i Literatura Hisp\u00e0nica de la Universitat de Pittsburgh. Guanyadora dues vegades consecutives de la Beca en Cr\u00edtica Cultural i Creativa del Ministeri de Cultura de Col\u00f2mbia com a directora del projecte de cr\u00edtica liter\u00e0ria Aluvi\u00f3n (2020 &hellip; <a href=\"http:\/\/canserrat.org\/ca\/a-juliana-enciso\">Continued<\/a><\/p>\n","protected":false},"author":7,"featured_media":8101,"comment_status":"closed","ping_status":"closed","sticky":false,"template":"","format":"standard","meta":{"_monsterinsights_skip_tracking":false,"_monsterinsights_sitenote_active":false,"_monsterinsights_sitenote_note":"","_monsterinsights_sitenote_category":0,"footnotes":""},"categories":[10,11],"tags":[],"_links":{"self":[{"href":"http:\/\/canserrat.org\/ca\/wp-json\/wp\/v2\/posts\/8099"}],"collection":[{"href":"http:\/\/canserrat.org\/ca\/wp-json\/wp\/v2\/posts"}],"about":[{"href":"http:\/\/canserrat.org\/ca\/wp-json\/wp\/v2\/types\/post"}],"author":[{"embeddable":true,"href":"http:\/\/canserrat.org\/ca\/wp-json\/wp\/v2\/users\/7"}],"replies":[{"embeddable":true,"href":"http:\/\/canserrat.org\/ca\/wp-json\/wp\/v2\/comments?post=8099"}],"version-history":[{"count":1,"href":"http:\/\/canserrat.org\/ca\/wp-json\/wp\/v2\/posts\/8099\/revisions"}],"predecessor-version":[{"id":8102,"href":"http:\/\/canserrat.org\/ca\/wp-json\/wp\/v2\/posts\/8099\/revisions\/8102"}],"wp:featuredmedia":[{"embeddable":true,"href":"http:\/\/canserrat.org\/ca\/wp-json\/wp\/v2\/media\/8101"}],"wp:attachment":[{"href":"http:\/\/canserrat.org\/ca\/wp-json\/wp\/v2\/media?parent=8099"}],"wp:term":[{"taxonomy":"category","embeddable":true,"href":"http:\/\/canserrat.org\/ca\/wp-json\/wp\/v2\/categories?post=8099"},{"taxonomy":"post_tag","embeddable":true,"href":"http:\/\/canserrat.org\/ca\/wp-json\/wp\/v2\/tags?post=8099"}],"curies":[{"name":"wp","href":"https:\/\/api.w.org\/{rel}","templated":true}]}}