{"id":7899,"date":"2023-11-09T15:30:09","date_gmt":"2023-11-09T15:30:09","guid":{"rendered":"https:\/\/canserrat.org\/?p=7899"},"modified":"2024-01-26T09:45:08","modified_gmt":"2024-01-26T09:45:08","slug":"eliana-tomassini","status":"publish","type":"post","link":"http:\/\/canserrat.org\/ca\/eliana-tomassini","title":{"rendered":"Eliana Tomassini"},"content":{"rendered":"<img decoding=\"async\" loading=\"lazy\" class=\"size-medium wp-image-7900 aligncenter\" src=\"http:\/\/canserrat.org\/wp-content\/uploads\/2023\/11\/320780906_554332042921668_1270459375566176886_n-Eliana-Tomassini-300x209.jpg\" alt=\"\" width=\"300\" height=\"209\" srcset=\"http:\/\/canserrat.org\/wp-content\/uploads\/2023\/11\/320780906_554332042921668_1270459375566176886_n-Eliana-Tomassini-300x209.jpg 300w, http:\/\/canserrat.org\/wp-content\/uploads\/2023\/11\/320780906_554332042921668_1270459375566176886_n-Eliana-Tomassini-1024x712.jpg 1024w, http:\/\/canserrat.org\/wp-content\/uploads\/2023\/11\/320780906_554332042921668_1270459375566176886_n-Eliana-Tomassini-1536x1068.jpg 1536w, http:\/\/canserrat.org\/wp-content\/uploads\/2023\/11\/320780906_554332042921668_1270459375566176886_n-Eliana-Tomassini.jpg 1600w\" sizes=\"(max-width: 300px) 100vw, 300px\" \/><\/p>\n<p>&nbsp;<\/p>\n<p>Eliana Tomassini va n\u00e9ixer el 23\/02\/1988 a Punta Alta, prov\u00edncia de Buenos Aires, Argentina. \u00c9s graduada en Economia (UNMDP) i M\u00e0ster en Escriptura Creativa (UNTREF).<\/p>\n<p>Fa deu anys que viu a la Capital Federal, on ha participat en tallers d&#8217;escriptura amb poetes com Diana Bellessi, Osvaldo Bossi, Natalia Romero, Olivia Milberg i Ana Claudia Diaz. A m\u00e9s, ha estudiat cant i teatre, i ha realitzat cursos de Gui\u00f3 i Producci\u00f3 Cinematogr\u00e0fica.<\/p>\n<p>Entre el 2018 i el 2019, va organitzar dos cicles de poesia i m\u00fasica anomenats Floresta Unplugged i La lletra petita. Durant aquests anys, tamb\u00e9 va tenir un programa de r\u00e0dio en l\u00ednia anomenat Manija Suelta a Gypsy Radio. Al agost de 2019, va publicar el seu primer llibre de poemes: &#8220;Alg\u00fan recuerdo de intimidad&#8221;, editat per Alci\u00f3n Editora. Al agost de 2020, va participar en l&#8217;antologia argentina editada per Agua viva ediciones titulada &#8220;Otras nosotras mismas&#8221;, en homenatge a la poeta Olga Orozco. Al juliol de 2021, va ser seleccionada per participar en l&#8217;antologia po\u00e8tica &#8220;Cuerpos en los m\u00e1rgenes&#8221; d&#8217;Entrop\u00eda Ediciones, Espanya.<\/p>\n<p>Actualment, juntament amb altres dos escriptors, organitza el cicle de poesia i m\u00fasica &#8220;Otra ronda&#8221;. Acaba de finalitzar l&#8217;escriptura del seu segon poemari: &#8220;Es el fr\u00edo&#8221;. El seu tercer llibre de poesia es troba en proc\u00e9s.<\/p>\n<p>Eliana fa la seva resid\u00e8ncia a Can Serrat durant el Novembre de 2023.","protected":false},"excerpt":{"rendered":"<p>&nbsp; Eliana Tomassini va n\u00e9ixer el 23\/02\/1988 a Punta Alta, prov\u00edncia de Buenos Aires, Argentina. \u00c9s graduada en Economia (UNMDP) i M\u00e0ster en Escriptura Creativa (UNTREF). Fa deu anys que viu a la Capital Federal, on ha participat en tallers &hellip; <a href=\"http:\/\/canserrat.org\/ca\/eliana-tomassini\">Continued<\/a><\/p>\n","protected":false},"author":4,"featured_media":7900,"comment_status":"closed","ping_status":"closed","sticky":false,"template":"","format":"standard","meta":{"_monsterinsights_skip_tracking":false,"_monsterinsights_sitenote_active":false,"_monsterinsights_sitenote_note":"","_monsterinsights_sitenote_category":0,"footnotes":""},"categories":[22,10,11],"tags":[],"_links":{"self":[{"href":"http:\/\/canserrat.org\/ca\/wp-json\/wp\/v2\/posts\/7899"}],"collection":[{"href":"http:\/\/canserrat.org\/ca\/wp-json\/wp\/v2\/posts"}],"about":[{"href":"http:\/\/canserrat.org\/ca\/wp-json\/wp\/v2\/types\/post"}],"author":[{"embeddable":true,"href":"http:\/\/canserrat.org\/ca\/wp-json\/wp\/v2\/users\/4"}],"replies":[{"embeddable":true,"href":"http:\/\/canserrat.org\/ca\/wp-json\/wp\/v2\/comments?post=7899"}],"version-history":[{"count":1,"href":"http:\/\/canserrat.org\/ca\/wp-json\/wp\/v2\/posts\/7899\/revisions"}],"predecessor-version":[{"id":7901,"href":"http:\/\/canserrat.org\/ca\/wp-json\/wp\/v2\/posts\/7899\/revisions\/7901"}],"wp:featuredmedia":[{"embeddable":true,"href":"http:\/\/canserrat.org\/ca\/wp-json\/wp\/v2\/media\/7900"}],"wp:attachment":[{"href":"http:\/\/canserrat.org\/ca\/wp-json\/wp\/v2\/media?parent=7899"}],"wp:term":[{"taxonomy":"category","embeddable":true,"href":"http:\/\/canserrat.org\/ca\/wp-json\/wp\/v2\/categories?post=7899"},{"taxonomy":"post_tag","embeddable":true,"href":"http:\/\/canserrat.org\/ca\/wp-json\/wp\/v2\/tags?post=7899"}],"curies":[{"name":"wp","href":"https:\/\/api.w.org\/{rel}","templated":true}]}}