{"id":7807,"date":"2023-09-12T16:06:11","date_gmt":"2023-09-12T16:06:11","guid":{"rendered":"https:\/\/canserrat.org\/?p=7807"},"modified":"2023-10-26T10:05:04","modified_gmt":"2023-10-26T10:05:04","slug":"svitlana-libet","status":"publish","type":"post","link":"http:\/\/canserrat.org\/ca\/svitlana-libet","title":{"rendered":"Svitlana Libet"},"content":{"rendered":"<img decoding=\"async\" loading=\"lazy\" class=\" wp-image-7808 aligncenter\" src=\"http:\/\/canserrat.org\/wp-content\/uploads\/2023\/09\/svitlana-scaled.jpg\" alt=\"\" width=\"256\" height=\"341\" srcset=\"http:\/\/canserrat.org\/wp-content\/uploads\/2023\/09\/svitlana-scaled.jpg 1920w, http:\/\/canserrat.org\/wp-content\/uploads\/2023\/09\/svitlana-225x300.jpg 225w, http:\/\/canserrat.org\/wp-content\/uploads\/2023\/09\/svitlana-768x1024.jpg 768w, http:\/\/canserrat.org\/wp-content\/uploads\/2023\/09\/svitlana-1152x1536.jpg 1152w, http:\/\/canserrat.org\/wp-content\/uploads\/2023\/09\/svitlana-1536x2048.jpg 1536w, http:\/\/canserrat.org\/wp-content\/uploads\/2023\/09\/svitlana-scaled-600x800.jpg 600w, http:\/\/canserrat.org\/wp-content\/uploads\/2023\/09\/svitlana-scaled-300x400.jpg 300w\" sizes=\"(max-width: 256px) 100vw, 256px\" \/><\/p>\n<p>&nbsp;<\/p>\n<p>Svitlana Libet \u00e9s autora, editora i periodista. Des de 2022, treballa com a productora local per a la BBC informant sobre la invasi\u00f3 russa d&#8217;Ucra\u00efna. Del 2019 al 2022, va treballar com a editora s\u00e8nior d&#8217;una revista en l\u00ednia Your Art, que es centra en l&#8217;art contemporani ucra\u00efn\u00e8s. En 2016-2018, Svitlana va treballar com a Editora S\u00e8nior en l&#8217;editorial Osnovy, centrant-se principalment en llibres d&#8217;art, i llibres d&#8217;art per a nens. A m\u00e9s, Svitlana ha treballat en diverses institucions art\u00edstiques de K\u00edev, com el Centre de Recerca de Cultura Visual, l&#8217;Escola de K\u00edev &#8211; Biennal de K\u00edev 2015; PinchukArtCentre, Closer, el projecte A-I-R (artista resident) de K\u00edev.<\/p>\n<p>&nbsp;<\/p>\n<p>Svitlana fa la seva resid\u00e8ncia a Can Serrat durant el setember-octubre de 2023.","protected":false},"excerpt":{"rendered":"<p>&nbsp; Svitlana Libet \u00e9s autora, editora i periodista. Des de 2022, treballa com a productora local per a la BBC informant sobre la invasi\u00f3 russa d&#8217;Ucra\u00efna. Del 2019 al 2022, va treballar com a editora s\u00e8nior d&#8217;una revista en l\u00ednia &hellip; <a href=\"http:\/\/canserrat.org\/ca\/svitlana-libet\">Continued<\/a><\/p>\n","protected":false},"author":6,"featured_media":7808,"comment_status":"closed","ping_status":"closed","sticky":false,"template":"","format":"standard","meta":{"_monsterinsights_skip_tracking":false,"_monsterinsights_sitenote_active":false,"_monsterinsights_sitenote_note":"","_monsterinsights_sitenote_category":0,"footnotes":""},"categories":[22,10,11],"tags":[],"_links":{"self":[{"href":"http:\/\/canserrat.org\/ca\/wp-json\/wp\/v2\/posts\/7807"}],"collection":[{"href":"http:\/\/canserrat.org\/ca\/wp-json\/wp\/v2\/posts"}],"about":[{"href":"http:\/\/canserrat.org\/ca\/wp-json\/wp\/v2\/types\/post"}],"author":[{"embeddable":true,"href":"http:\/\/canserrat.org\/ca\/wp-json\/wp\/v2\/users\/6"}],"replies":[{"embeddable":true,"href":"http:\/\/canserrat.org\/ca\/wp-json\/wp\/v2\/comments?post=7807"}],"version-history":[{"count":2,"href":"http:\/\/canserrat.org\/ca\/wp-json\/wp\/v2\/posts\/7807\/revisions"}],"predecessor-version":[{"id":7846,"href":"http:\/\/canserrat.org\/ca\/wp-json\/wp\/v2\/posts\/7807\/revisions\/7846"}],"wp:featuredmedia":[{"embeddable":true,"href":"http:\/\/canserrat.org\/ca\/wp-json\/wp\/v2\/media\/7808"}],"wp:attachment":[{"href":"http:\/\/canserrat.org\/ca\/wp-json\/wp\/v2\/media?parent=7807"}],"wp:term":[{"taxonomy":"category","embeddable":true,"href":"http:\/\/canserrat.org\/ca\/wp-json\/wp\/v2\/categories?post=7807"},{"taxonomy":"post_tag","embeddable":true,"href":"http:\/\/canserrat.org\/ca\/wp-json\/wp\/v2\/tags?post=7807"}],"curies":[{"name":"wp","href":"https:\/\/api.w.org\/{rel}","templated":true}]}}