{"id":7718,"date":"2023-08-04T16:08:05","date_gmt":"2023-08-04T16:08:05","guid":{"rendered":"https:\/\/canserrat.org\/?p=7718"},"modified":"2024-05-06T08:45:37","modified_gmt":"2024-05-06T08:45:37","slug":"paula-vicente-puiggros","status":"publish","type":"post","link":"http:\/\/canserrat.org\/ca\/paula-vicente-puiggros","title":{"rendered":"Paula Vicente Puiggr\u00f2s"},"content":{"rendered":"<img decoding=\"async\" loading=\"lazy\" class=\"size-medium wp-image-7723 aligncenter\" src=\"http:\/\/canserrat.org\/wp-content\/uploads\/2023\/08\/paula_vicente_puiggros-Paula-Vicente-225x300.jpg\" alt=\"\" width=\"225\" height=\"300\" srcset=\"http:\/\/canserrat.org\/wp-content\/uploads\/2023\/08\/paula_vicente_puiggros-Paula-Vicente-225x300.jpg 225w, http:\/\/canserrat.org\/wp-content\/uploads\/2023\/08\/paula_vicente_puiggros-Paula-Vicente-768x1024.jpg 768w, http:\/\/canserrat.org\/wp-content\/uploads\/2023\/08\/paula_vicente_puiggros-Paula-Vicente-1152x1536.jpg 1152w, http:\/\/canserrat.org\/wp-content\/uploads\/2023\/08\/paula_vicente_puiggros-Paula-Vicente-600x800.jpg 600w, http:\/\/canserrat.org\/wp-content\/uploads\/2023\/08\/paula_vicente_puiggros-Paula-Vicente-300x400.jpg 300w, http:\/\/canserrat.org\/wp-content\/uploads\/2023\/08\/paula_vicente_puiggros-Paula-Vicente.jpg 1536w\" sizes=\"(max-width: 225px) 100vw, 225px\" \/><\/p>\n<p>&nbsp;<\/p>\n<p>Paula Vicente Puiggr\u00f2s \u00e9s artista de Barcelona. La seva pr\u00e0ctica gira al voltant de preguntes sobre com habitem i ens relacionem amb el m\u00f3n i els ecosistemes que ens envolten, repensar des d\u2019all\u00f2 quotidi\u00e0 per obrir preguntes, deixar lloc al dubte. Graduada en Belles Arts a la Universitat de Barcelona i M\u00e0ster d\u2019Arts Visuals per la Kask School of Arts de B\u00e8lgica. Tamb\u00e9 ha realitzat el curs d\u2019Art sonor: concepte, edici\u00f3, gravaci\u00f3, (Escola Massana, 2021) i Kalidoscopi, Agents<br \/>\narticuladors entre Art i Educaci\u00f3 (EART, 2019).<\/p>\n<p>Ha participat a diferents festivals i exposicions a Catalunya, B\u00e8lgica i It\u00e0lia. Els seu treball s\u2019ha pogut veure a Now, Nau Estruch, Sabadell (2023), Tocar-se a mig Cam\u00ed, Menorca, Spain (2022), Fin de Fiesta, Hangar, Barcelona (2022), Ecoss Tardor. Fabra i Coats, Barcelona (2022), Embroglio, Het Paviljoen, Gent, Belgium (2022), o De aquellos polvos, estos lodos, Sala d\u2019Art Jove, Barcelona (2021), entre altres llocs.<\/p>\n<p>Recentment guanyadora de la beca complerta de resid\u00e8ncia a Can Serrat, El Bruc, i del premi IEI Embarrat 2023. Tamb\u00e9 va obtenir la beca de producci\u00f3 d\u2019Art Jove 2021. Ha realitzat diverses resid\u00e8ncies arreu de Catalunya i Balears a espais com Konvent 0, CACiS, el Forn de la Cal\u00e7, El B\u00f2lit, Nau Estruch, Casa d\u2019Artistes, o Experimentem amb l\u2019Art, on ha treballat tamb\u00e9 com a educadora.<\/p>\n<p>La Paula ha sigut seleccionada em la beca completa d&#8217;art visual i fa la seva resid\u00e8ncia a Can Serrat del Juliol al Novembre de 2023.","protected":false},"excerpt":{"rendered":"<p>&nbsp; Paula Vicente Puiggr\u00f2s \u00e9s artista de Barcelona. La seva pr\u00e0ctica gira al voltant de preguntes sobre com habitem i ens relacionem amb el m\u00f3n i els ecosistemes que ens envolten, repensar des d\u2019all\u00f2 quotidi\u00e0 per obrir preguntes, deixar lloc &hellip; <a href=\"http:\/\/canserrat.org\/ca\/paula-vicente-puiggros\">Continued<\/a><\/p>\n","protected":false},"author":6,"featured_media":7723,"comment_status":"closed","ping_status":"closed","sticky":false,"template":"","format":"standard","meta":{"_monsterinsights_skip_tracking":false,"_monsterinsights_sitenote_active":false,"_monsterinsights_sitenote_note":"","_monsterinsights_sitenote_category":0,"footnotes":""},"categories":[22,10,30,11],"tags":[],"_links":{"self":[{"href":"http:\/\/canserrat.org\/ca\/wp-json\/wp\/v2\/posts\/7718"}],"collection":[{"href":"http:\/\/canserrat.org\/ca\/wp-json\/wp\/v2\/posts"}],"about":[{"href":"http:\/\/canserrat.org\/ca\/wp-json\/wp\/v2\/types\/post"}],"author":[{"embeddable":true,"href":"http:\/\/canserrat.org\/ca\/wp-json\/wp\/v2\/users\/6"}],"replies":[{"embeddable":true,"href":"http:\/\/canserrat.org\/ca\/wp-json\/wp\/v2\/comments?post=7718"}],"version-history":[{"count":5,"href":"http:\/\/canserrat.org\/ca\/wp-json\/wp\/v2\/posts\/7718\/revisions"}],"predecessor-version":[{"id":7935,"href":"http:\/\/canserrat.org\/ca\/wp-json\/wp\/v2\/posts\/7718\/revisions\/7935"}],"wp:featuredmedia":[{"embeddable":true,"href":"http:\/\/canserrat.org\/ca\/wp-json\/wp\/v2\/media\/7723"}],"wp:attachment":[{"href":"http:\/\/canserrat.org\/ca\/wp-json\/wp\/v2\/media?parent=7718"}],"wp:term":[{"taxonomy":"category","embeddable":true,"href":"http:\/\/canserrat.org\/ca\/wp-json\/wp\/v2\/categories?post=7718"},{"taxonomy":"post_tag","embeddable":true,"href":"http:\/\/canserrat.org\/ca\/wp-json\/wp\/v2\/tags?post=7718"}],"curies":[{"name":"wp","href":"https:\/\/api.w.org\/{rel}","templated":true}]}}